{"id":5375,"date":"2022-10-21T06:18:27","date_gmt":"2022-10-21T09:18:27","guid":{"rendered":"https:\/\/g1.globo.com\/pb\/paraiba\/noticia\/2022\/10\/21\/raizes-do-brejo-2022-chega-nesta-sexta-21-a-lagoa-de-dentro-pb-confira-programacao.ghtml"},"modified":"2022-10-21T06:18:27","modified_gmt":"2022-10-21T09:18:27","slug":"raizes-do-brejo-2022-chega-nesta-sexta-21-a-lagoa-de-dentro-pb-confira-programacao","status":"publish","type":"post","link":"https:\/\/sindaopcpb.org.br\/index.php\/2022\/10\/21\/raizes-do-brejo-2022-chega-nesta-sexta-21-a-lagoa-de-dentro-pb-confira-programacao\/","title":{"rendered":"Ra\u00edzes do Brejo 2022 chega nesta sexta (21) a Lagoa de Dentro, PB; confira programa\u00e7\u00e3o"},"content":{"rendered":"   <img src=\"https:\/\/s2.glbimg.com\/Xgi4l_Bro3qVvBJ1rNLZYvp_v9c=\/i.s3.glbimg.com\/v1\/AUTH_59edd422c0c84a879bd37670ae4f538a\/internal_photos\/bs\/2019\/u\/A\/3Jo7ucSPqD69zoayoTfg\/lagoa-de-dentro.jpg\" \/><br \/>   Atividades acontecem at\u00e9 o m\u00eas de dezembro e devem movimentar o turismo e a economia da regi\u00e3o. Ra\u00edzes do Brejo 2022 chega nesta sexta (21) a Lagoa de Dentro, PB; confira programa\u00e7\u00e3o\nReprodu\u00e7\u00e3o\/Facebook\/Lagoa de Dentro\nA Rota Cultural Ra\u00edzes do Brejo chega ao munic\u00edpio de Lagoa de Dentro, no Brejo paraibano, com programa\u00e7\u00e3o cultural e tur\u00edstica, nesta sexta-feira (21). As atividades acontecem at\u00e9 o m\u00eas de dezembro e devem movimentar a economia da regi\u00e3o.\nConfira o Guia Qual \u00e9 a Boa\nO Ra\u00edzes do Brejo passa por Bel\u00e9m, Alagoinha, Duas Estradas, Lagoa de Dentro, Serra da Raiz, Borborema, Dona In\u00eas, Guarabira, Pirpirituba e Pil\u00f5ezinhos.\nO evento est\u00e1 em sua 4\u00aa edi\u00e7\u00e3o e retoma as atividades presenciais ap\u00f3s dois anos de suspens\u00e3o, em virtude da pandemia da Covid-19.\nA programa\u00e7\u00e3o em Lagoa de Dentro come\u00e7a nesta sexta (21) e vai at\u00e9 o domingo (23). Depois, o evento deve ir para a cidade de Serra da Raiz.\nPrograma\u00e7\u00e3o Ra\u00edzes do Brejo em Lagoa de Dentro\nSexta-feira, 21 de outubro\n9h - Exposi\u00e7\u00e3o de maquetes sobre a hist\u00f3ria da cidade (Casa da Cultura)\n9h30 - Mesa Redonda \u2018Ra\u00edzes da Nossa Hist\u00f3ria\u2019 (C\u00e2mara Municipal de Vereadores)\n19h - Feirart - Feira de Artesanato e Gastronomia (Cal\u00e7ad\u00e3o da Lagoa)\n19h30 - Solenidade de Abertura (Cal\u00e7ad\u00e3o da Lagoa)\n21h30 - Show com Os Tr\u00eas do Xamego (Cal\u00e7ad\u00e3o da Lagoa)\nS\u00e1bado, 22 de outubro\n9h - Oficina de doces artesanais de abacaxi (Escola Ant\u00f4nia Coelho)\n9h - Oficina de drink de abacaxi (SCFV)\n9h - Oficina de fotografia (SCFV)\n14h - Oficina de xarope medicinal de abacaxi (SCFV)\n14h - Oficina de teatro (SCFV)\n15h30 - Apresenta\u00e7\u00f5es culturais (Cal\u00e7ad\u00e3o da Lagoa)\n15h30 - Feirart - Feira de Artesanato e Gastronomia (Cal\u00e7ad\u00e3o da Lagoa)\n21h30 - Show com Capital do Sol, Edu Lima e Jossuelen Santos (Cal\u00e7ad\u00e3o da Lagoa)\nDomingo, 23 de outubro\n8h30 - Ben\u00e7\u00e3o para cavaleiros e amazonas (Fazenda Vieira)\n9h - Cavalgada Cultural Raminho Vaqueiro (Fazenda Vieira - S\u00edtio P\u00e9 de Serra)\n15h - Trilha Ecol\u00f3gica Alto da Base (Casa da Cultura)\n16h - Encerramento da Cavalgada com show de Curi\u00f3 Forrozeiro (Cal\u00e7ad\u00e3o da Lagoa)\n17h - P\u00f4r do sol no Alto da Base com m\u00fasica ao vivo (Alto da Base)\nV\u00eddeos mais assistidos da Para\u00edba ","protected":false},"excerpt":{"rendered":"<p>      Atividades acontecem at\u00e9 o m\u00eas de dezembro e devem movimentar o turismo e a economia da regi\u00e3o. Ra\u00edzes do Brejo 2022 chega nesta sexta (21) a Lagoa de Dentro, PB; confira programa\u00e7\u00e3o<br \/>\nReprodu\u00e7\u00e3o\/Facebook\/Lagoa de Dentro<br \/>\nA Rota Cultural Ra\u00edzes do B&#8230;<\/p>\n","protected":false},"author":2,"featured_media":0,"comment_status":"closed","ping_status":"closed","sticky":false,"template":"","format":"standard","meta":{"advgb_blocks_editor_width":"","advgb_blocks_columns_visual_guide":"","footnotes":""},"categories":[34],"tags":[35],"class_list":["post-5375","post","type-post","status-publish","format-standard","hentry","category-g1","tag-g1"],"author_meta":{"display_name":"g1 &gt; Para\u00edba","author_link":"https:\/\/sindaopcpb.org.br\/author\/g1-paraiba\/"},"featured_img":null,"coauthors":[],"tax_additional":{"categories":{"linked":["<a href=\"https:\/\/sindaopcpb.org.br\/g1\/\" class=\"advgb-post-tax-term\">G1<\/a>"],"unlinked":["<span class=\"advgb-post-tax-term\">G1<\/span>"]},"tags":{"linked":["<a href=\"https:\/\/sindaopcpb.org.br\/g1\/\" class=\"advgb-post-tax-term\">g1<\/a>"],"unlinked":["<span class=\"advgb-post-tax-term\">g1<\/span>"]}},"comment_count":"0","relative_dates":{"created":"Publicado 4 anos atr\u00e1s","modified":"Atualizado 4 anos atr\u00e1s"},"absolute_dates":{"created":"Publicado em 21 de outubro de 2022","modified":"Atualizado em 21 de outubro de 2022"},"absolute_dates_time":{"created":"Publicado em 21 de outubro de 2022 06:18","modified":"Atualizado em 21 de outubro de 2022 06:18"},"featured_img_caption":"","series_order":"","_links":{"self":[{"href":"https:\/\/sindaopcpb.org.br\/index.php\/wp-json\/wp\/v2\/posts\/5375","targetHints":{"allow":["GET"]}}],"collection":[{"href":"https:\/\/sindaopcpb.org.br\/index.php\/wp-json\/wp\/v2\/posts"}],"about":[{"href":"https:\/\/sindaopcpb.org.br\/index.php\/wp-json\/wp\/v2\/types\/post"}],"author":[{"embeddable":true,"href":"https:\/\/sindaopcpb.org.br\/index.php\/wp-json\/wp\/v2\/users\/2"}],"replies":[{"embeddable":true,"href":"https:\/\/sindaopcpb.org.br\/index.php\/wp-json\/wp\/v2\/comments?post=5375"}],"version-history":[{"count":1,"href":"https:\/\/sindaopcpb.org.br\/index.php\/wp-json\/wp\/v2\/posts\/5375\/revisions"}],"predecessor-version":[{"id":5376,"href":"https:\/\/sindaopcpb.org.br\/index.php\/wp-json\/wp\/v2\/posts\/5375\/revisions\/5376"}],"wp:attachment":[{"href":"https:\/\/sindaopcpb.org.br\/index.php\/wp-json\/wp\/v2\/media?parent=5375"}],"wp:term":[{"taxonomy":"category","embeddable":true,"href":"https:\/\/sindaopcpb.org.br\/index.php\/wp-json\/wp\/v2\/categories?post=5375"},{"taxonomy":"post_tag","embeddable":true,"href":"https:\/\/sindaopcpb.org.br\/index.php\/wp-json\/wp\/v2\/tags?post=5375"}],"curies":[{"name":"wp","href":"https:\/\/api.w.org\/{rel}","templated":true}]}}