{"id":5368,"date":"2022-10-20T20:10:40","date_gmt":"2022-10-20T23:10:40","guid":{"rendered":"https:\/\/g1.globo.com\/pb\/paraiba\/eleicoes\/2022\/noticia\/2022\/10\/20\/joao-azevedo-pretende-atrair-mais-empresas-para-geracao-de-emprego-na-pb.ghtml"},"modified":"2022-10-20T20:10:40","modified_gmt":"2022-10-20T23:10:40","slug":"joao-azevedo-pretende-atrair-mais-empresas-para-geracao-de-emprego-na-pb","status":"publish","type":"post","link":"https:\/\/sindaopcpb.org.br\/index.php\/2022\/10\/20\/joao-azevedo-pretende-atrair-mais-empresas-para-geracao-de-emprego-na-pb\/","title":{"rendered":"Jo\u00e3o Azev\u00eado pretende atrair mais empresas para gera\u00e7\u00e3o de emprego na PB"},"content":{"rendered":"   <img src=\"https:\/\/s2.glbimg.com\/9ukhoRCsSV1Jj38YBSvoD2KzkO8=\/i.s3.glbimg.com\/v1\/AUTH_59edd422c0c84a879bd37670ae4f538a\/internal_photos\/bs\/2022\/U\/B\/oYi33ARuG0bjMqlFh1Gg\/agenda-joao-azevedo-2010.jpg\" \/><br \/>   Declara\u00e7\u00f5es foram feitas \u00e0 reportagem da TV Cabo Branco, nesta quinta-feira (20). Candidato do PSB ao governo da Para\u00edba, Jo\u00e3o Azev\u00eado, cumpriu agenda em Jo\u00e3o Pessoa\nReprodu\u00e7\u00e3o\/TV Cabo Branco\nO candidato do PSB ao governo da Para\u00edba, Jo\u00e3o Azev\u00eado, cumpriu agenda em Jo\u00e3o Pessoa, nesta quinta-feira (20). Ele recebeu empres\u00e1rios e outros representantes da sociedade civil que apresentaram demandas para as \u00e1reas de para ind\u00fastria, educa\u00e7\u00e3o, ci\u00eancia, tecnologia, economia e sustentabilidade.\nJo\u00e3o Azev\u00eado conversou com a TV Cabo Branco e disse que pretende trazer mais empresas para o estado.\n\"O governo do estado tem, ao longo desses \u00faltimos quatro anos, e a nossa pretens\u00e3o \u00e9 de continuar, criando um ambiente de neg\u00f3cios que possa ser de capaz de continuar atraindo empresas, como n\u00f3s conseguimos nesse primeiro governo. N\u00f3s estamos nesse caminho, que aqui \u00e9 um ambiente seguro pra receber investimentos. Voc\u00ea tem que ter uma preocupa\u00e7\u00e3o com emprego formal, o primeiro emprego. Por isso que n\u00f3s incentivamos tanto empresas aqui, principalmente de call center. Estamos implantando em Jo\u00e3o Pessoa mais uma unidade, que vai, pelo menos, oferecer tr\u00eas mil vagas. E essas tr\u00eas mil vagas, normalmente,  s\u00e3o de primeiro emprego para os nossos jovens. Al\u00e9m disso, promover o desenvolvimento descentralizado. Sair de Jo\u00e3o Pessoa e Campina Grande, criar polos de desenvolvimento em diversas regi\u00f5es\", afirmou.\nA TV Cabo Branco e o g1 v\u00e3o acompanhar diariamente os compromissos de campanha dos dois candidatos que disputam o 2\u00ba turno do governo da Para\u00edba.\nV\u00eddeos mais assistidos do g1 Para\u00edba ","protected":false},"excerpt":{"rendered":"<p>      Declara\u00e7\u00f5es foram feitas \u00e0 reportagem da TV Cabo Branco, nesta quinta-feira (20). Candidato do PSB ao governo da Para\u00edba, Jo\u00e3o Azev\u00eado, cumpriu agenda em Jo\u00e3o Pessoa<br \/>\nReprodu\u00e7\u00e3o\/TV Cabo Branco<br \/>\nO candidato do PSB ao governo da Para\u00edba, Jo\u00e3o Azev\u00eado&#8230;<\/p>\n","protected":false},"author":2,"featured_media":0,"comment_status":"closed","ping_status":"closed","sticky":false,"template":"","format":"standard","meta":{"advgb_blocks_editor_width":"","advgb_blocks_columns_visual_guide":"","footnotes":""},"categories":[34],"tags":[35],"class_list":["post-5368","post","type-post","status-publish","format-standard","hentry","category-g1","tag-g1"],"author_meta":{"display_name":"g1 &gt; Para\u00edba","author_link":"https:\/\/sindaopcpb.org.br\/author\/g1-paraiba\/"},"featured_img":null,"coauthors":[],"tax_additional":{"categories":{"linked":["<a href=\"https:\/\/sindaopcpb.org.br\/g1\/\" class=\"advgb-post-tax-term\">G1<\/a>"],"unlinked":["<span class=\"advgb-post-tax-term\">G1<\/span>"]},"tags":{"linked":["<a href=\"https:\/\/sindaopcpb.org.br\/g1\/\" class=\"advgb-post-tax-term\">g1<\/a>"],"unlinked":["<span class=\"advgb-post-tax-term\">g1<\/span>"]}},"comment_count":"0","relative_dates":{"created":"Publicado 4 anos atr\u00e1s","modified":"Atualizado 4 anos atr\u00e1s"},"absolute_dates":{"created":"Publicado em 20 de outubro de 2022","modified":"Atualizado em 20 de outubro de 2022"},"absolute_dates_time":{"created":"Publicado em 20 de outubro de 2022 20:10","modified":"Atualizado em 20 de outubro de 2022 20:10"},"featured_img_caption":"","series_order":"","_links":{"self":[{"href":"https:\/\/sindaopcpb.org.br\/index.php\/wp-json\/wp\/v2\/posts\/5368","targetHints":{"allow":["GET"]}}],"collection":[{"href":"https:\/\/sindaopcpb.org.br\/index.php\/wp-json\/wp\/v2\/posts"}],"about":[{"href":"https:\/\/sindaopcpb.org.br\/index.php\/wp-json\/wp\/v2\/types\/post"}],"author":[{"embeddable":true,"href":"https:\/\/sindaopcpb.org.br\/index.php\/wp-json\/wp\/v2\/users\/2"}],"replies":[{"embeddable":true,"href":"https:\/\/sindaopcpb.org.br\/index.php\/wp-json\/wp\/v2\/comments?post=5368"}],"version-history":[{"count":1,"href":"https:\/\/sindaopcpb.org.br\/index.php\/wp-json\/wp\/v2\/posts\/5368\/revisions"}],"predecessor-version":[{"id":5369,"href":"https:\/\/sindaopcpb.org.br\/index.php\/wp-json\/wp\/v2\/posts\/5368\/revisions\/5369"}],"wp:attachment":[{"href":"https:\/\/sindaopcpb.org.br\/index.php\/wp-json\/wp\/v2\/media?parent=5368"}],"wp:term":[{"taxonomy":"category","embeddable":true,"href":"https:\/\/sindaopcpb.org.br\/index.php\/wp-json\/wp\/v2\/categories?post=5368"},{"taxonomy":"post_tag","embeddable":true,"href":"https:\/\/sindaopcpb.org.br\/index.php\/wp-json\/wp\/v2\/tags?post=5368"}],"curies":[{"name":"wp","href":"https:\/\/api.w.org\/{rel}","templated":true}]}}