{"id":53602,"date":"2025-01-10T10:42:05","date_gmt":"2025-01-10T13:42:05","guid":{"rendered":"https:\/\/www.pbagora.com.br\/?p=882431"},"modified":"2025-01-10T10:42:05","modified_gmt":"2025-01-10T13:42:05","slug":"carro-colide-com-poste-e-e-abandonado-em-calcada-no-bairro-dos-bancarios-em-joao-pessoa","status":"publish","type":"post","link":"https:\/\/sindaopcpb.org.br\/index.php\/2025\/01\/10\/carro-colide-com-poste-e-e-abandonado-em-calcada-no-bairro-dos-bancarios-em-joao-pessoa\/","title":{"rendered":"Carro colide com poste e \u00e9 abandonado em cal\u00e7ada no bairro dos Banc\u00e1rios, em Jo\u00e3o Pessoa"},"content":{"rendered":"<p><img width=\"800\" height=\"450\" src=\"https:\/\/pbagora.s3.amazonaws.com\/2025\/01\/10104156\/carro-poste-carrefour-800x450-1.jpeg\" class=\"attachment-large size-large wp-post-image\" alt=\"\" style=\"margin-bottom: 20px;\" decoding=\"async\" loading=\"lazy\" srcset=\"https:\/\/pbagora.s3.amazonaws.com\/2025\/01\/10104156\/carro-poste-carrefour-800x450-1.jpeg 800w, https:\/\/pbagora.s3.amazonaws.com\/2025\/01\/10104156\/carro-poste-carrefour-800x450-1-300x169.jpeg 300w, https:\/\/pbagora.s3.amazonaws.com\/2025\/01\/10104156\/carro-poste-carrefour-800x450-1-150x84.jpeg 150w, https:\/\/pbagora.s3.amazonaws.com\/2025\/01\/10104156\/carro-poste-carrefour-800x450-1-768x432.jpeg 768w, https:\/\/pbagora.s3.amazonaws.com\/2025\/01\/10104156\/carro-poste-carrefour-800x450-1-380x214.jpeg 380w, https:\/\/pbagora.s3.amazonaws.com\/2025\/01\/10104156\/carro-poste-carrefour-800x450-1-80x46.jpeg 80w, https:\/\/pbagora.s3.amazonaws.com\/2025\/01\/10104156\/carro-poste-carrefour-800x450-1-760x428.jpeg 760w, https:\/\/pbagora.s3.amazonaws.com\/2025\/01\/10104156\/carro-poste-carrefour-800x450-1-600x338.jpeg 600w\" sizes=\"auto, (max-width: 800px) 100vw, 800px\" \/><\/p><p>Nas primeiras horas desta sexta-feira (10), um carro desgovernado subiu na cal\u00e7ada e colidiu com um poste na rua Empres\u00e1rio Jo\u00e3o Rodrigues Alves, principal via do bairro dos Banc\u00e1rios, em Jo\u00e3o Pessoa. O ve\u00edculo foi encontrado abandonado no local, e o paradeiro do motorista permanece desconhecido.<\/p>\n<p>O impacto destruiu uma estrutura de prote\u00e7\u00e3o ao redor do poste e causou danos na \u00e1rea. O incidente ocorreu em frente a um supermercado, o que atraiu a aten\u00e7\u00e3o de moradores e transeuntes.<\/p>\n<p>Agentes da Superintend\u00eancia Executiva de Mobilidade Urbana (Semob-JP) foram acionados para isolar a \u00e1rea e organizar a remo\u00e7\u00e3o do autom\u00f3vel. As autoridades investigam as circunst\u00e2ncias do acidente, mas, at\u00e9 o momento, a causa do ocorrido n\u00e3o foi esclarecida.<\/p>\n","protected":false},"excerpt":{"rendered":"<p><img loading=\"lazy\" decoding=\"async\" width=\"800\" height=\"450\" src=\"https:\/\/pbagora.s3.amazonaws.com\/2025\/01\/10104156\/carro-poste-carrefour-800x450-1.jpeg\" class=\"attachment-large size-large wp-post-image\" alt=\"\"><\/p>\n<p>Nas primeiras horas desta sexta-feira (10), um carro desgovernado subiu na cal\u00e7ada e colidiu com um poste na\u2026<\/p>\n","protected":false},"author":123458,"featured_media":0,"comment_status":"closed","ping_status":"closed","sticky":false,"template":"","format":"standard","meta":{"advgb_blocks_editor_width":"","advgb_blocks_columns_visual_guide":"","footnotes":""},"categories":[34],"tags":[10841,35,10839],"class_list":["post-53602","post","type-post","status-publish","format-standard","hentry","category-g1","tag-destaque-centro-02","tag-g1","tag-policial"],"author_meta":{"display_name":"Feliphe Rojas","author_link":"https:\/\/sindaopcpb.org.br\/author\/feliphe-rojas\/"},"featured_img":null,"coauthors":[],"tax_additional":{"categories":{"linked":["<a href=\"https:\/\/sindaopcpb.org.br\/g1\/\" class=\"advgb-post-tax-term\">G1<\/a>"],"unlinked":["<span class=\"advgb-post-tax-term\">G1<\/span>"]},"tags":{"linked":["<a href=\"https:\/\/sindaopcpb.org.br\/g1\/\" class=\"advgb-post-tax-term\">Destaque Centro 02<\/a>","<a href=\"https:\/\/sindaopcpb.org.br\/g1\/\" class=\"advgb-post-tax-term\">g1<\/a>","<a href=\"https:\/\/sindaopcpb.org.br\/g1\/\" class=\"advgb-post-tax-term\">Policial<\/a>"],"unlinked":["<span class=\"advgb-post-tax-term\">Destaque Centro 02<\/span>","<span class=\"advgb-post-tax-term\">g1<\/span>","<span class=\"advgb-post-tax-term\">Policial<\/span>"]}},"comment_count":"0","relative_dates":{"created":"Publicado 1 ano atr\u00e1s","modified":"Atualizado 1 ano atr\u00e1s"},"absolute_dates":{"created":"Publicado em 10 de janeiro de 2025","modified":"Atualizado em 10 de janeiro de 2025"},"absolute_dates_time":{"created":"Publicado em 10 de janeiro de 2025 10:42","modified":"Atualizado em 10 de janeiro de 2025 10:42"},"featured_img_caption":"","series_order":"","_links":{"self":[{"href":"https:\/\/sindaopcpb.org.br\/index.php\/wp-json\/wp\/v2\/posts\/53602","targetHints":{"allow":["GET"]}}],"collection":[{"href":"https:\/\/sindaopcpb.org.br\/index.php\/wp-json\/wp\/v2\/posts"}],"about":[{"href":"https:\/\/sindaopcpb.org.br\/index.php\/wp-json\/wp\/v2\/types\/post"}],"author":[{"embeddable":true,"href":"https:\/\/sindaopcpb.org.br\/index.php\/wp-json\/wp\/v2\/users\/123458"}],"replies":[{"embeddable":true,"href":"https:\/\/sindaopcpb.org.br\/index.php\/wp-json\/wp\/v2\/comments?post=53602"}],"version-history":[{"count":2,"href":"https:\/\/sindaopcpb.org.br\/index.php\/wp-json\/wp\/v2\/posts\/53602\/revisions"}],"predecessor-version":[{"id":53615,"href":"https:\/\/sindaopcpb.org.br\/index.php\/wp-json\/wp\/v2\/posts\/53602\/revisions\/53615"}],"wp:attachment":[{"href":"https:\/\/sindaopcpb.org.br\/index.php\/wp-json\/wp\/v2\/media?parent=53602"}],"wp:term":[{"taxonomy":"category","embeddable":true,"href":"https:\/\/sindaopcpb.org.br\/index.php\/wp-json\/wp\/v2\/categories?post=53602"},{"taxonomy":"post_tag","embeddable":true,"href":"https:\/\/sindaopcpb.org.br\/index.php\/wp-json\/wp\/v2\/tags?post=53602"}],"curies":[{"name":"wp","href":"https:\/\/api.w.org\/{rel}","templated":true}]}}