{"id":53420,"date":"2025-01-03T10:09:40","date_gmt":"2025-01-03T13:09:40","guid":{"rendered":"https:\/\/www.pbagora.com.br\/?p=881162"},"modified":"2025-01-03T10:09:40","modified_gmt":"2025-01-03T13:09:40","slug":"policia-civil-recupera-terceira-moto-furtada-em-patos-em-72-horas-e-realiza-prisao-de-suspeito","status":"publish","type":"post","link":"https:\/\/sindaopcpb.org.br\/index.php\/2025\/01\/03\/policia-civil-recupera-terceira-moto-furtada-em-patos-em-72-horas-e-realiza-prisao-de-suspeito\/","title":{"rendered":"Pol\u00edcia Civil recupera terceira moto furtada em Patos em 72 horas e realiza pris\u00e3o de suspeito"},"content":{"rendered":"<p><img width=\"768\" height=\"1024\" src=\"https:\/\/pbagora.s3.amazonaws.com\/2025\/01\/03100921\/moto-768x1024.jpg\" class=\"attachment-large size-large wp-post-image\" alt=\"\" style=\"margin-bottom: 20px;\" decoding=\"async\" loading=\"lazy\" srcset=\"https:\/\/pbagora.s3.amazonaws.com\/2025\/01\/03100921\/moto-768x1024.jpg 768w, https:\/\/pbagora.s3.amazonaws.com\/2025\/01\/03100921\/moto-225x300.jpg 225w, https:\/\/pbagora.s3.amazonaws.com\/2025\/01\/03100921\/moto-113x150.jpg 113w, https:\/\/pbagora.s3.amazonaws.com\/2025\/01\/03100921\/moto-1152x1536.jpg 1152w, https:\/\/pbagora.s3.amazonaws.com\/2025\/01\/03100921\/moto-380x507.jpg 380w, https:\/\/pbagora.s3.amazonaws.com\/2025\/01\/03100921\/moto-800x1067.jpg 800w, https:\/\/pbagora.s3.amazonaws.com\/2025\/01\/03100921\/moto-1160x1547.jpg 1160w, https:\/\/pbagora.s3.amazonaws.com\/2025\/01\/03100921\/moto-80x107.jpg 80w, https:\/\/pbagora.s3.amazonaws.com\/2025\/01\/03100921\/moto-60x80.jpg 60w, https:\/\/pbagora.s3.amazonaws.com\/2025\/01\/03100921\/moto-760x1013.jpg 760w, https:\/\/pbagora.s3.amazonaws.com\/2025\/01\/03100921\/moto-450x600.jpg 450w, https:\/\/pbagora.s3.amazonaws.com\/2025\/01\/03100921\/moto.jpg 1200w\" sizes=\"auto, (max-width: 768px) 100vw, 768px\" \/><\/p><p>A Pol\u00edcia Civil da Para\u00edba recuperou nessa quinta-feira (02) mais uma moto que havia sido furtada na cidade de Patos. Em 72 horas de trabalho, esse foi o terceiro ve\u00edculo recuperado por equipes da Delegacia de Roubos e Furtos (DRF) no munic\u00edpio.<\/p>\n<p>A moto foi furtada no dia 31 de dezembro, no Centro de Patos. Com o apoio da 2\u00aa Delegacia Distrital, a DRF identificou o suspeito do crime e o conduziu at\u00e9 a delegacia, para os devidos procedimentos. A moto furtada foi entregue ao leg\u00edtimo propriet\u00e1rio.<\/p>\n<p><em><strong>PB Agora<\/strong><\/em><\/p>\n","protected":false},"excerpt":{"rendered":"<p><img decoding=\"async\" width=\"768\" height=\"1024\" src=\"https:\/\/pbagora.s3.amazonaws.com\/2025\/01\/03100921\/moto-768x1024.jpg\" class=\"attachment-large size-large wp-post-image\" alt=\"\" loading=\"lazy\"><\/p>\n<p>A Pol\u00edcia Civil da Para\u00edba recuperou nessa quinta-feira (02) mais uma moto que havia sido furtada na cidade\u2026<\/p>\n","protected":false},"author":123457,"featured_media":0,"comment_status":"closed","ping_status":"closed","sticky":false,"template":"","format":"standard","meta":{"advgb_blocks_editor_width":"","advgb_blocks_columns_visual_guide":"","footnotes":""},"categories":[34],"tags":[10840,35,10839],"class_list":["post-53420","post","type-post","status-publish","format-standard","hentry","category-g1","tag-destaque-centro-03","tag-g1","tag-policial"],"author_meta":{"display_name":"Reda\u00e7\u00e3o","author_link":"https:\/\/sindaopcpb.org.br\/author\/redacao\/"},"featured_img":null,"coauthors":[],"tax_additional":{"categories":{"linked":["<a href=\"https:\/\/sindaopcpb.org.br\/g1\/\" class=\"advgb-post-tax-term\">G1<\/a>"],"unlinked":["<span class=\"advgb-post-tax-term\">G1<\/span>"]},"tags":{"linked":["<a href=\"https:\/\/sindaopcpb.org.br\/g1\/\" class=\"advgb-post-tax-term\">Destaque Centro 03<\/a>","<a href=\"https:\/\/sindaopcpb.org.br\/g1\/\" class=\"advgb-post-tax-term\">g1<\/a>","<a href=\"https:\/\/sindaopcpb.org.br\/g1\/\" class=\"advgb-post-tax-term\">Policial<\/a>"],"unlinked":["<span class=\"advgb-post-tax-term\">Destaque Centro 03<\/span>","<span class=\"advgb-post-tax-term\">g1<\/span>","<span class=\"advgb-post-tax-term\">Policial<\/span>"]}},"comment_count":"0","relative_dates":{"created":"Publicado 1 ano atr\u00e1s","modified":"Atualizado 1 ano atr\u00e1s"},"absolute_dates":{"created":"Publicado em 3 de janeiro de 2025","modified":"Atualizado em 3 de janeiro de 2025"},"absolute_dates_time":{"created":"Publicado em 3 de janeiro de 2025 10:09","modified":"Atualizado em 3 de janeiro de 2025 10:09"},"featured_img_caption":"","series_order":"","_links":{"self":[{"href":"https:\/\/sindaopcpb.org.br\/index.php\/wp-json\/wp\/v2\/posts\/53420","targetHints":{"allow":["GET"]}}],"collection":[{"href":"https:\/\/sindaopcpb.org.br\/index.php\/wp-json\/wp\/v2\/posts"}],"about":[{"href":"https:\/\/sindaopcpb.org.br\/index.php\/wp-json\/wp\/v2\/types\/post"}],"author":[{"embeddable":true,"href":"https:\/\/sindaopcpb.org.br\/index.php\/wp-json\/wp\/v2\/users\/123457"}],"replies":[{"embeddable":true,"href":"https:\/\/sindaopcpb.org.br\/index.php\/wp-json\/wp\/v2\/comments?post=53420"}],"version-history":[{"count":1,"href":"https:\/\/sindaopcpb.org.br\/index.php\/wp-json\/wp\/v2\/posts\/53420\/revisions"}],"predecessor-version":[{"id":53421,"href":"https:\/\/sindaopcpb.org.br\/index.php\/wp-json\/wp\/v2\/posts\/53420\/revisions\/53421"}],"wp:attachment":[{"href":"https:\/\/sindaopcpb.org.br\/index.php\/wp-json\/wp\/v2\/media?parent=53420"}],"wp:term":[{"taxonomy":"category","embeddable":true,"href":"https:\/\/sindaopcpb.org.br\/index.php\/wp-json\/wp\/v2\/categories?post=53420"},{"taxonomy":"post_tag","embeddable":true,"href":"https:\/\/sindaopcpb.org.br\/index.php\/wp-json\/wp\/v2\/tags?post=53420"}],"curies":[{"name":"wp","href":"https:\/\/api.w.org\/{rel}","templated":true}]}}