{"id":5333,"date":"2022-10-20T13:04:46","date_gmt":"2022-10-20T16:04:46","guid":{"rendered":"https:\/\/g1.globo.com\/pb\/paraiba\/noticia\/2022\/10\/20\/policia-investiga-motivacao-de-assassinato-do-comandante-da-guarda-municipal-do-conde-pb.ghtml"},"modified":"2022-10-20T13:04:46","modified_gmt":"2022-10-20T16:04:46","slug":"policia-investiga-motivacao-de-assassinato-do-comandante-da-guarda-municipal-do-conde-pb","status":"publish","type":"post","link":"https:\/\/sindaopcpb.org.br\/index.php\/2022\/10\/20\/policia-investiga-motivacao-de-assassinato-do-comandante-da-guarda-municipal-do-conde-pb\/","title":{"rendered":"Pol\u00edcia investiga motiva\u00e7\u00e3o de assassinato do comandante da Guarda Municipal do Conde, PB"},"content":{"rendered":"   <img src=\"https:\/\/s2.glbimg.com\/x7Je29XoHXw4YAht0g1A_Rj9Lz8=\/i.s3.glbimg.com\/v1\/AUTH_59edd422c0c84a879bd37670ae4f538a\/internal_photos\/bs\/2022\/r\/v\/a4Zg64S32A6VnY3bYPfw\/comandante-sergio-conde.jpeg\" \/><br \/>   Investiga\u00e7\u00e3o inicial aponta para crime de latroc\u00ednio, ou seja, roubo seguido de morte. S\u00e9rgio Carneiro da Silva, comandante da Guarda Civil Municipal do Conde, que foi morto a tiros em Jo\u00e3o Pessoa\nReprodu\u00e7\u00e3o\/Site da Prefeitura Municipal do Conde\nA Pol\u00edcia Civil est\u00e1 investigando o que motivou o assassinato de S\u00e9rgio Carneiro da Silva, de 39 anos, comandante da Guarda Municipal do Conde, na Regi\u00e3o Metropolitana de Jo\u00e3o Pessoa. O crime aconteceu na noite desta quarta-feira (19), na Avenida Cabo Branco.\nSegundo a pol\u00edcia, inicialmente a linha de investiga\u00e7\u00e3o aponta para um crime de latroc\u00ednio, que \u00e9 o roubo seguido de morte. No entanto, a investiga\u00e7\u00e3o n\u00e3o foi conclu\u00edda e pode chegar a outros crimes.\nAinda de acordo com a pol\u00edcia, a testemunha que estava com S\u00e9rgio relatou que dois homens teriam se aproximado do ve\u00edculo onde a v\u00edtima estava e anunciado assalto. O comandante teria reagido \u00e0 ordem, o que teria motivado os disparos.\nMesmo baleado, o comandante ainda atirou pelo menos cinco vezes contra os suspeitos, que n\u00e3o foram atingidos e conseguiram fugir. Em seguida, S\u00e9rgio tentou dirigir, mas perdeu os sentidos e bateu em um poste, morrendo no local.\nA per\u00edcia deve apontar se o disparo foi feito antes ou depois da v\u00edtima reagir ao assalto. Nenhuma pessoa foi presa at\u00e9 o momento.\nEm nota, a Guarda Civil Municipal do Conde lamentou a morte do comandante. \u201cPerdemos um amigo, um guerreiro, um l\u00edder. O eterno comandante da Guarda Municipal, prestamos nossa contin\u00eancia em respeito \u00e0 sua hist\u00f3ria e amizade\u201d, diz o texto postado nas redes sociais.\nS\u00e9rgio era formado em pedagogia e biologia, com especializa\u00e7\u00e3o em pol\u00edtica e gest\u00e3o em seguran\u00e7a p\u00fablica. O comandante tamb\u00e9m era presidente da Associa\u00e7\u00e3o Estadual dos guardas civis municipais da Para\u00edba. Em sua atua\u00e7\u00e3o no Conde, foi respons\u00e1vel pela municipaliza\u00e7\u00e3o e legaliza\u00e7\u00e3o da atua\u00e7\u00e3o dos guardas municipais no tr\u00e2nsito e pela legaliza\u00e7\u00e3o do armamento dos agentes, al\u00e9m da cria\u00e7\u00e3o do Estatuto do Servidor de Conde.\nO sepultamento de S\u00e9rgio Carneiro da Silva deve acontecer ainda na tarde desta quinta-feira (20), no Parque das Ac\u00e1cias.\nV\u00eddeos mais assistidos da Para\u00edba ","protected":false},"excerpt":{"rendered":"<p>      Investiga\u00e7\u00e3o inicial aponta para crime de latroc\u00ednio, ou seja, roubo seguido de morte. S\u00e9rgio Carneiro da Silva, comandante da Guarda Civil Municipal do Conde, que foi morto a tiros em Jo\u00e3o Pessoa<br \/>\nReprodu\u00e7\u00e3o\/Site da Prefeitura Municipal do Conde<br \/>\n&#8230;<\/p>\n","protected":false},"author":2,"featured_media":0,"comment_status":"closed","ping_status":"closed","sticky":false,"template":"","format":"standard","meta":{"advgb_blocks_editor_width":"","advgb_blocks_columns_visual_guide":"","footnotes":""},"categories":[34],"tags":[35],"class_list":["post-5333","post","type-post","status-publish","format-standard","hentry","category-g1","tag-g1"],"author_meta":{"display_name":"g1 &gt; Para\u00edba","author_link":"https:\/\/sindaopcpb.org.br\/author\/g1-paraiba\/"},"featured_img":null,"coauthors":[],"tax_additional":{"categories":{"linked":["<a href=\"https:\/\/sindaopcpb.org.br\/g1\/\" class=\"advgb-post-tax-term\">G1<\/a>"],"unlinked":["<span class=\"advgb-post-tax-term\">G1<\/span>"]},"tags":{"linked":["<a href=\"https:\/\/sindaopcpb.org.br\/g1\/\" class=\"advgb-post-tax-term\">g1<\/a>"],"unlinked":["<span class=\"advgb-post-tax-term\">g1<\/span>"]}},"comment_count":"0","relative_dates":{"created":"Publicado 4 anos atr\u00e1s","modified":"Atualizado 4 anos atr\u00e1s"},"absolute_dates":{"created":"Publicado em 20 de outubro de 2022","modified":"Atualizado em 20 de outubro de 2022"},"absolute_dates_time":{"created":"Publicado em 20 de outubro de 2022 13:04","modified":"Atualizado em 20 de outubro de 2022 13:04"},"featured_img_caption":"","series_order":"","_links":{"self":[{"href":"https:\/\/sindaopcpb.org.br\/index.php\/wp-json\/wp\/v2\/posts\/5333","targetHints":{"allow":["GET"]}}],"collection":[{"href":"https:\/\/sindaopcpb.org.br\/index.php\/wp-json\/wp\/v2\/posts"}],"about":[{"href":"https:\/\/sindaopcpb.org.br\/index.php\/wp-json\/wp\/v2\/types\/post"}],"author":[{"embeddable":true,"href":"https:\/\/sindaopcpb.org.br\/index.php\/wp-json\/wp\/v2\/users\/2"}],"replies":[{"embeddable":true,"href":"https:\/\/sindaopcpb.org.br\/index.php\/wp-json\/wp\/v2\/comments?post=5333"}],"version-history":[{"count":1,"href":"https:\/\/sindaopcpb.org.br\/index.php\/wp-json\/wp\/v2\/posts\/5333\/revisions"}],"predecessor-version":[{"id":5334,"href":"https:\/\/sindaopcpb.org.br\/index.php\/wp-json\/wp\/v2\/posts\/5333\/revisions\/5334"}],"wp:attachment":[{"href":"https:\/\/sindaopcpb.org.br\/index.php\/wp-json\/wp\/v2\/media?parent=5333"}],"wp:term":[{"taxonomy":"category","embeddable":true,"href":"https:\/\/sindaopcpb.org.br\/index.php\/wp-json\/wp\/v2\/categories?post=5333"},{"taxonomy":"post_tag","embeddable":true,"href":"https:\/\/sindaopcpb.org.br\/index.php\/wp-json\/wp\/v2\/tags?post=5333"}],"curies":[{"name":"wp","href":"https:\/\/api.w.org\/{rel}","templated":true}]}}