{"id":53291,"date":"2024-12-28T08:11:22","date_gmt":"2024-12-28T11:11:22","guid":{"rendered":"https:\/\/www.pbagora.com.br\/?p=880233"},"modified":"2024-12-28T11:11:22","modified_gmt":"2024-12-28T14:11:22","slug":"motorista-colide-em-estrutura-na-avenida-edson-ramalho-em-jp-e-abandona-veiculo","status":"publish","type":"post","link":"https:\/\/sindaopcpb.org.br\/index.php\/2024\/12\/28\/motorista-colide-em-estrutura-na-avenida-edson-ramalho-em-jp-e-abandona-veiculo\/","title":{"rendered":"Motorista colide em estrutura na Avenida Edson Ramalho, em JP, e abandona ve\u00edculo"},"content":{"rendered":"<p><img width=\"521\" height=\"368\" src=\"https:\/\/pbagora.s3.amazonaws.com\/2024\/12\/28081105\/Captura-de-tela-2024-12-28-081043.png\" class=\"attachment-large size-large wp-post-image\" alt=\"\" style=\"margin-bottom: 20px;\" decoding=\"async\" srcset=\"https:\/\/pbagora.s3.amazonaws.com\/2024\/12\/28081105\/Captura-de-tela-2024-12-28-081043.png 521w, https:\/\/pbagora.s3.amazonaws.com\/2024\/12\/28081105\/Captura-de-tela-2024-12-28-081043-300x212.png 300w, https:\/\/pbagora.s3.amazonaws.com\/2024\/12\/28081105\/Captura-de-tela-2024-12-28-081043-150x106.png 150w, https:\/\/pbagora.s3.amazonaws.com\/2024\/12\/28081105\/Captura-de-tela-2024-12-28-081043-380x268.png 380w, https:\/\/pbagora.s3.amazonaws.com\/2024\/12\/28081105\/Captura-de-tela-2024-12-28-081043-80x58.png 80w\" sizes=\"(max-width: 521px) 100vw, 521px\" \/><\/p><p>Na manh\u00e3 deste s\u00e1bado (28) um acidente de tr\u00e2nsito foi registrado na Avenida Edson Ramalho, nas proximidades do cruzamento com a Rua Manoel Morais, em Jo\u00e3o Pessoa. Um ve\u00edculo colidiu contra uma estrutura, aparentemente sem causar danos a terceiros, mas o condutor, ap\u00f3s o impacto, abandonou o autom\u00f3vel no local.<\/p>\n<p>Agentes de mobilidade da cidade foram acionados para averiguar a situa\u00e7\u00e3o.<\/p>\n<p>De acordo com testemunhas, o motorista perdeu o controle do carro e colidiu contra a estrutura, mas ao perceber a gravidade, deixou o ve\u00edculo e fugiu sem ser identificado.<\/p>\n<p>N\u00e3o houve registros de feridos, mas o impacto causou danos significativos ao autom\u00f3vel e \u00e0 estrutura atingida. \u00a0At\u00e9 o momento, n\u00e3o h\u00e1 informa\u00e7\u00f5es sobre a causa do acidente ou o paradeiro do motorista.<\/p>\n<div style=\"width: 480px;\" class=\"wp-video\"><!--[if lt IE 9]><script>document.createElement('video');<\/script><![endif]-->\n<video class=\"wp-video-shortcode\" id=\"video-880233-1\" width=\"480\" height=\"864\" preload=\"metadata\" controls=\"controls\"><source type=\"video\/mp4\" src=\"https:\/\/pbagora.s3.amazonaws.com\/2024\/12\/28081156\/WhatsApp-Video-2024-12-28-at-06.57.14.mp4?_=1\" \/><a href=\"https:\/\/pbagora.s3.amazonaws.com\/2024\/12\/28081156\/WhatsApp-Video-2024-12-28-at-06.57.14.mp4\">https:\/\/pbagora.s3.amazonaws.com\/2024\/12\/28081156\/WhatsApp-Video-2024-12-28-at-06.57.14.mp4<\/a><\/video><\/div>\n<p><strong><em>Reda\u00e7\u00e3o<\/em><\/strong><\/p>\n<p>&nbsp;<\/p>\n<p>&nbsp;<\/p>\n","protected":false},"excerpt":{"rendered":"<p><img loading=\"lazy\" decoding=\"async\" width=\"521\" height=\"368\" src=\"https:\/\/pbagora.s3.amazonaws.com\/2024\/12\/28081105\/Captura-de-tela-2024-12-28-081043.png\" class=\"attachment-large size-large wp-post-image\" alt=\"\"><\/p>\n<p>Na manh\u00e3 deste s\u00e1bado (28) um acidente de tr\u00e2nsito foi registrado na Avenida Edson Ramalho, nas proximidades do\u2026<\/p>\n","protected":false},"author":123457,"featured_media":0,"comment_status":"closed","ping_status":"closed","sticky":false,"template":"","format":"standard","meta":{"advgb_blocks_editor_width":"","advgb_blocks_columns_visual_guide":"","footnotes":""},"categories":[34],"tags":[10841,35,10839],"class_list":["post-53291","post","type-post","status-publish","format-standard","hentry","category-g1","tag-destaque-centro-02","tag-g1","tag-policial"],"author_meta":{"display_name":"Reda\u00e7\u00e3o","author_link":"https:\/\/sindaopcpb.org.br\/author\/redacao\/"},"featured_img":null,"coauthors":[],"tax_additional":{"categories":{"linked":["<a href=\"https:\/\/sindaopcpb.org.br\/g1\/\" class=\"advgb-post-tax-term\">G1<\/a>"],"unlinked":["<span class=\"advgb-post-tax-term\">G1<\/span>"]},"tags":{"linked":["<a href=\"https:\/\/sindaopcpb.org.br\/g1\/\" class=\"advgb-post-tax-term\">Destaque Centro 02<\/a>","<a href=\"https:\/\/sindaopcpb.org.br\/g1\/\" class=\"advgb-post-tax-term\">g1<\/a>","<a href=\"https:\/\/sindaopcpb.org.br\/g1\/\" class=\"advgb-post-tax-term\">Policial<\/a>"],"unlinked":["<span class=\"advgb-post-tax-term\">Destaque Centro 02<\/span>","<span class=\"advgb-post-tax-term\">g1<\/span>","<span class=\"advgb-post-tax-term\">Policial<\/span>"]}},"comment_count":"0","relative_dates":{"created":"Publicado 1 ano atr\u00e1s","modified":"Atualizado 1 ano atr\u00e1s"},"absolute_dates":{"created":"Publicado em 28 de dezembro de 2024","modified":"Atualizado em 28 de dezembro de 2024"},"absolute_dates_time":{"created":"Publicado em 28 de dezembro de 2024 08:11","modified":"Atualizado em 28 de dezembro de 2024 11:11"},"featured_img_caption":"","series_order":"","_links":{"self":[{"href":"https:\/\/sindaopcpb.org.br\/index.php\/wp-json\/wp\/v2\/posts\/53291","targetHints":{"allow":["GET"]}}],"collection":[{"href":"https:\/\/sindaopcpb.org.br\/index.php\/wp-json\/wp\/v2\/posts"}],"about":[{"href":"https:\/\/sindaopcpb.org.br\/index.php\/wp-json\/wp\/v2\/types\/post"}],"author":[{"embeddable":true,"href":"https:\/\/sindaopcpb.org.br\/index.php\/wp-json\/wp\/v2\/users\/123457"}],"replies":[{"embeddable":true,"href":"https:\/\/sindaopcpb.org.br\/index.php\/wp-json\/wp\/v2\/comments?post=53291"}],"version-history":[{"count":4,"href":"https:\/\/sindaopcpb.org.br\/index.php\/wp-json\/wp\/v2\/posts\/53291\/revisions"}],"predecessor-version":[{"id":53305,"href":"https:\/\/sindaopcpb.org.br\/index.php\/wp-json\/wp\/v2\/posts\/53291\/revisions\/53305"}],"wp:attachment":[{"href":"https:\/\/sindaopcpb.org.br\/index.php\/wp-json\/wp\/v2\/media?parent=53291"}],"wp:term":[{"taxonomy":"category","embeddable":true,"href":"https:\/\/sindaopcpb.org.br\/index.php\/wp-json\/wp\/v2\/categories?post=53291"},{"taxonomy":"post_tag","embeddable":true,"href":"https:\/\/sindaopcpb.org.br\/index.php\/wp-json\/wp\/v2\/tags?post=53291"}],"curies":[{"name":"wp","href":"https:\/\/api.w.org\/{rel}","templated":true}]}}