{"id":53187,"date":"2024-12-24T10:17:12","date_gmt":"2024-12-24T13:17:12","guid":{"rendered":"https:\/\/www.pbagora.com.br\/?p=879504"},"modified":"2024-12-24T11:20:12","modified_gmt":"2024-12-24T14:20:12","slug":"ex-deputado-daniel-silveira-e-preso-novamente-apos-descumprir-medidas-judiciais","status":"publish","type":"post","link":"https:\/\/sindaopcpb.org.br\/index.php\/2024\/12\/24\/ex-deputado-daniel-silveira-e-preso-novamente-apos-descumprir-medidas-judiciais\/","title":{"rendered":"Ex-deputado Daniel Silveira \u00e9 preso novamente ap\u00f3s descumprir medidas judiciais"},"content":{"rendered":"<p><img width=\"768\" height=\"516\" src=\"https:\/\/pbagora.s3.amazonaws.com\/2024\/12\/24101656\/daniel_Silveira.jpg\" class=\"attachment-large size-large wp-post-image\" alt=\"\" style=\"margin-bottom: 20px;\" decoding=\"async\" srcset=\"https:\/\/pbagora.s3.amazonaws.com\/2024\/12\/24101656\/daniel_Silveira.jpg 768w, https:\/\/pbagora.s3.amazonaws.com\/2024\/12\/24101656\/daniel_Silveira-300x202.jpg 300w, https:\/\/pbagora.s3.amazonaws.com\/2024\/12\/24101656\/daniel_Silveira-150x101.jpg 150w, https:\/\/pbagora.s3.amazonaws.com\/2024\/12\/24101656\/daniel_Silveira-380x255.jpg 380w, https:\/\/pbagora.s3.amazonaws.com\/2024\/12\/24101656\/daniel_Silveira-80x54.jpg 80w, https:\/\/pbagora.s3.amazonaws.com\/2024\/12\/24101656\/daniel_Silveira-760x511.jpg 760w, https:\/\/pbagora.s3.amazonaws.com\/2024\/12\/24101656\/daniel_Silveira-600x403.jpg 600w\" sizes=\"(max-width: 768px) 100vw, 768px\" \/><\/p><p>O ex-deputado federal Daniel Silveira foi preso pela Pol\u00edcia Federal na manh\u00e3 desta ter\u00e7a-feira (24), em Petr\u00f3polis, no Rio de Janeiro. A pris\u00e3o ocorreu ap\u00f3s o ex-parlamentar descumprir as medidas judiciais estabelecidas no processo em que \u00e9 investigado, segundo a CNN Brasil.<\/p>\n<p>Silveira, que havia sido preso em fevereiro de 2023, estava em liberdade condicional desde a \u00faltima sexta-feira (20), benef\u00edcio concedido pelo ministro Alexandre de Moraes, do Supremo Tribunal Federal (STF). No entanto, o descumprimento das condi\u00e7\u00f5es impostas pela Justi\u00e7a levou \u00e0 sua nova deten\u00e7\u00e3o.<\/p>\n<p>O ex-deputado foi condenado em 2022 pelo STF a 8 anos e 9 meses de pris\u00e3o por incentivar atos antidemocr\u00e1ticos e proferir ataques contra ministros da Corte e institui\u00e7\u00f5es p\u00fablicas. Al\u00e9m da pena, Silveira perdeu o mandato parlamentar, teve seus direitos pol\u00edticos suspensos e foi multado em R$ 212 mil.<\/p>\n<p>Anteriormente, em 7 de outubro, Moraes havia autorizado a mudan\u00e7a do regime fechado para o semiaberto, permitindo ao ex-parlamentar permanecer fora da pris\u00e3o sob condi\u00e7\u00f5es restritivas. Com a nova pris\u00e3o, Silveira volta ao regime fechado, enquanto o processo segue em tramita\u00e7\u00e3o.<\/p>\n<p><em><strong>PB Agora<\/strong><\/em><\/p>\n","protected":false},"excerpt":{"rendered":"<p><img loading=\"lazy\" decoding=\"async\" width=\"768\" height=\"516\" src=\"https:\/\/pbagora.s3.amazonaws.com\/2024\/12\/24101656\/daniel_Silveira.jpg\" class=\"attachment-large size-large wp-post-image\" alt=\"\"><\/p>\n<p>O ex-deputado federal Daniel Silveira foi preso pela Pol\u00edcia Federal na manh\u00e3 desta ter\u00e7a-feira (24), em Petr\u00f3polis, no\u2026<\/p>\n","protected":false},"author":123457,"featured_media":0,"comment_status":"closed","ping_status":"closed","sticky":false,"template":"","format":"standard","meta":{"advgb_blocks_editor_width":"","advgb_blocks_columns_visual_guide":"","footnotes":""},"categories":[34],"tags":[10841,35,10839],"class_list":["post-53187","post","type-post","status-publish","format-standard","hentry","category-g1","tag-destaque-centro-02","tag-g1","tag-policial"],"author_meta":{"display_name":"Reda\u00e7\u00e3o","author_link":"https:\/\/sindaopcpb.org.br\/author\/redacao\/"},"featured_img":null,"coauthors":[],"tax_additional":{"categories":{"linked":["<a href=\"https:\/\/sindaopcpb.org.br\/g1\/\" class=\"advgb-post-tax-term\">G1<\/a>"],"unlinked":["<span class=\"advgb-post-tax-term\">G1<\/span>"]},"tags":{"linked":["<a href=\"https:\/\/sindaopcpb.org.br\/g1\/\" class=\"advgb-post-tax-term\">Destaque Centro 02<\/a>","<a href=\"https:\/\/sindaopcpb.org.br\/g1\/\" class=\"advgb-post-tax-term\">g1<\/a>","<a href=\"https:\/\/sindaopcpb.org.br\/g1\/\" class=\"advgb-post-tax-term\">Policial<\/a>"],"unlinked":["<span class=\"advgb-post-tax-term\">Destaque Centro 02<\/span>","<span class=\"advgb-post-tax-term\">g1<\/span>","<span class=\"advgb-post-tax-term\">Policial<\/span>"]}},"comment_count":"0","relative_dates":{"created":"Publicado 1 ano atr\u00e1s","modified":"Atualizado 1 ano atr\u00e1s"},"absolute_dates":{"created":"Publicado em 24 de dezembro de 2024","modified":"Atualizado em 24 de dezembro de 2024"},"absolute_dates_time":{"created":"Publicado em 24 de dezembro de 2024 10:17","modified":"Atualizado em 24 de dezembro de 2024 11:20"},"featured_img_caption":"","series_order":"","_links":{"self":[{"href":"https:\/\/sindaopcpb.org.br\/index.php\/wp-json\/wp\/v2\/posts\/53187","targetHints":{"allow":["GET"]}}],"collection":[{"href":"https:\/\/sindaopcpb.org.br\/index.php\/wp-json\/wp\/v2\/posts"}],"about":[{"href":"https:\/\/sindaopcpb.org.br\/index.php\/wp-json\/wp\/v2\/types\/post"}],"author":[{"embeddable":true,"href":"https:\/\/sindaopcpb.org.br\/index.php\/wp-json\/wp\/v2\/users\/123457"}],"replies":[{"embeddable":true,"href":"https:\/\/sindaopcpb.org.br\/index.php\/wp-json\/wp\/v2\/comments?post=53187"}],"version-history":[{"count":3,"href":"https:\/\/sindaopcpb.org.br\/index.php\/wp-json\/wp\/v2\/posts\/53187\/revisions"}],"predecessor-version":[{"id":53197,"href":"https:\/\/sindaopcpb.org.br\/index.php\/wp-json\/wp\/v2\/posts\/53187\/revisions\/53197"}],"wp:attachment":[{"href":"https:\/\/sindaopcpb.org.br\/index.php\/wp-json\/wp\/v2\/media?parent=53187"}],"wp:term":[{"taxonomy":"category","embeddable":true,"href":"https:\/\/sindaopcpb.org.br\/index.php\/wp-json\/wp\/v2\/categories?post=53187"},{"taxonomy":"post_tag","embeddable":true,"href":"https:\/\/sindaopcpb.org.br\/index.php\/wp-json\/wp\/v2\/tags?post=53187"}],"curies":[{"name":"wp","href":"https:\/\/api.w.org\/{rel}","templated":true}]}}