{"id":5309,"date":"2022-10-20T06:57:55","date_gmt":"2022-10-20T09:57:55","guid":{"rendered":"https:\/\/g1.globo.com\/pb\/paraiba\/noticia\/2022\/10\/20\/comandante-da-guarda-civil-do-conde-e-morto-durante-tentativa-de-assalto-em-joao-pessoa.ghtml"},"modified":"2022-10-20T06:57:55","modified_gmt":"2022-10-20T09:57:55","slug":"comandante-da-guarda-civil-do-conde-e-morto-durante-tentativa-de-assalto-em-joao-pessoa","status":"publish","type":"post","link":"https:\/\/sindaopcpb.org.br\/index.php\/2022\/10\/20\/comandante-da-guarda-civil-do-conde-e-morto-durante-tentativa-de-assalto-em-joao-pessoa\/","title":{"rendered":"Comandante da Guarda Civil do Conde \u00e9 morto durante tentativa de assalto, em Jo\u00e3o Pessoa"},"content":{"rendered":"   <img src=\"https:\/\/s2.glbimg.com\/x7Je29XoHXw4YAht0g1A_Rj9Lz8=\/i.s3.glbimg.com\/v1\/AUTH_59edd422c0c84a879bd37670ae4f538a\/internal_photos\/bs\/2022\/r\/v\/a4Zg64S32A6VnY3bYPfw\/comandante-sergio-conde.jpeg\" \/><br \/>   S\u00e9rgio Carneiro da Silva estava na orla do Cabo Branco e tentou pegar a arma no carro quando notou a aproxima\u00e7\u00e3o de dois homens em uma moto. Um deles atirou e a dupla fugiu. S\u00e9rgio Carneiro da Silva, comandante da Guarda Civil Municipal do Conde, que foi morto a tiros em Jo\u00e3o Pessoa\nReprodu\u00e7\u00e3o\/Site da Prefeitura Municipal do Conde\nO comandante da Guarda Municipal do Conde, na Regi\u00e3o Metropolitana de Jo\u00e3o Pessoa, foi morto a tiros em uma tentativa de assalto na noite da quarta-feira (19), na orla do Cabo Branco, na capital. De acordo com a Pol\u00edcia Militar, S\u00e9rgio Carneiro da Silva, de 39 anos, foi abordado por dois homens em uma moto e baleado ao tentar pegar a arma dele, que estava em um carro estacionado na regi\u00e3o.\n O crime aconteceu por volta das 23h, na Avenida Cabo Branco. S\u00e9rgio estava voltando para o carro junto a outra pessoa quando notou a dupla se aproximando. A pessoa que estava com o comandante contou aos policiais que S\u00e9rgio tentou pegar a arma dele dentro do carro, ao lado da marcha, mas um dos suspeitos percebeu e atirou apenas uma vez.\n Mesmo baleado, o comandante ainda atirou pelo menos cinco vezes contra os suspeitos, que n\u00e3o foram atingidos e conseguiram fugir. Em seguida, S\u00e9rgio tentou dirigir, mas perdeu os sentidos e bateu em um poste, morrendo no local. \n Em nota, a Guarda Civil Municipal do Conde lamentou a morte do comandante. \u201cPerdemos um amigo, um guerreiro, um l\u00edder. O eterno comandante da Guarda Municipal, prestamos nossa contin\u00eancia em respeito \u00e0 sua hist\u00f3ria e amizade\u201d, diz o texto postado nas redes sociais.\n S\u00e9rgio era formado em pedagogia e biologia, com especializa\u00e7\u00e3o em pol\u00edtica e gest\u00e3o em seguran\u00e7a p\u00fablica. O comandante tamb\u00e9m era presidente da Associa\u00e7\u00e3o Estadual dos guardas civis municipais da Para\u00edba. Em sua atua\u00e7\u00e3o no Conde, foi respons\u00e1vel pela municipaliza\u00e7\u00e3o e legaliza\u00e7\u00e3o da atua\u00e7\u00e3o dos guardas municipais no tr\u00e2nsito e pela legaliza\u00e7\u00e3o do armamento dos agentes, al\u00e9m da cria\u00e7\u00e3o do Estatuto do Servidor de Conde.\n O carro e a arma do comandante foram levados pela PM para a Central de Pol\u00edcia Civil de Jo\u00e3o Pessoa. Buscas foram feitas na regi\u00e3o do crime, mas at\u00e9 \u00e0s 6h50 desta quinta-feira (20), ningu\u00e9m havia sido preso.\nV\u00eddeos mais assistidos da Para\u00edba ","protected":false},"excerpt":{"rendered":"<p>      S\u00e9rgio Carneiro da Silva estava na orla do Cabo Branco e tentou pegar a arma no carro quando notou a aproxima\u00e7\u00e3o de dois homens em uma moto. Um deles atirou e a dupla fugiu. S\u00e9rgio Carneiro da Silva, comandante da Guarda Civil Municipal do Conde,&#8230;<\/p>\n","protected":false},"author":2,"featured_media":0,"comment_status":"closed","ping_status":"closed","sticky":false,"template":"","format":"standard","meta":{"advgb_blocks_editor_width":"","advgb_blocks_columns_visual_guide":"","footnotes":""},"categories":[34],"tags":[35],"class_list":["post-5309","post","type-post","status-publish","format-standard","hentry","category-g1","tag-g1"],"author_meta":{"display_name":"g1 &gt; Para\u00edba","author_link":"https:\/\/sindaopcpb.org.br\/author\/g1-paraiba\/"},"featured_img":null,"coauthors":[],"tax_additional":{"categories":{"linked":["<a href=\"https:\/\/sindaopcpb.org.br\/g1\/\" class=\"advgb-post-tax-term\">G1<\/a>"],"unlinked":["<span class=\"advgb-post-tax-term\">G1<\/span>"]},"tags":{"linked":["<a href=\"https:\/\/sindaopcpb.org.br\/g1\/\" class=\"advgb-post-tax-term\">g1<\/a>"],"unlinked":["<span class=\"advgb-post-tax-term\">g1<\/span>"]}},"comment_count":"0","relative_dates":{"created":"Publicado 4 anos atr\u00e1s","modified":"Atualizado 4 anos atr\u00e1s"},"absolute_dates":{"created":"Publicado em 20 de outubro de 2022","modified":"Atualizado em 20 de outubro de 2022"},"absolute_dates_time":{"created":"Publicado em 20 de outubro de 2022 06:57","modified":"Atualizado em 20 de outubro de 2022 06:57"},"featured_img_caption":"","series_order":"","_links":{"self":[{"href":"https:\/\/sindaopcpb.org.br\/index.php\/wp-json\/wp\/v2\/posts\/5309","targetHints":{"allow":["GET"]}}],"collection":[{"href":"https:\/\/sindaopcpb.org.br\/index.php\/wp-json\/wp\/v2\/posts"}],"about":[{"href":"https:\/\/sindaopcpb.org.br\/index.php\/wp-json\/wp\/v2\/types\/post"}],"author":[{"embeddable":true,"href":"https:\/\/sindaopcpb.org.br\/index.php\/wp-json\/wp\/v2\/users\/2"}],"replies":[{"embeddable":true,"href":"https:\/\/sindaopcpb.org.br\/index.php\/wp-json\/wp\/v2\/comments?post=5309"}],"version-history":[{"count":2,"href":"https:\/\/sindaopcpb.org.br\/index.php\/wp-json\/wp\/v2\/posts\/5309\/revisions"}],"predecessor-version":[{"id":5325,"href":"https:\/\/sindaopcpb.org.br\/index.php\/wp-json\/wp\/v2\/posts\/5309\/revisions\/5325"}],"wp:attachment":[{"href":"https:\/\/sindaopcpb.org.br\/index.php\/wp-json\/wp\/v2\/media?parent=5309"}],"wp:term":[{"taxonomy":"category","embeddable":true,"href":"https:\/\/sindaopcpb.org.br\/index.php\/wp-json\/wp\/v2\/categories?post=5309"},{"taxonomy":"post_tag","embeddable":true,"href":"https:\/\/sindaopcpb.org.br\/index.php\/wp-json\/wp\/v2\/tags?post=5309"}],"curies":[{"name":"wp","href":"https:\/\/api.w.org\/{rel}","templated":true}]}}