{"id":52963,"date":"2024-12-11T19:26:52","date_gmt":"2024-12-11T22:26:52","guid":{"rendered":"https:\/\/www.pbagora.com.br\/?p=876823"},"modified":"2024-12-11T19:26:52","modified_gmt":"2024-12-11T22:26:52","slug":"idosa-internada-apos-ser-vitima-de-incendio-no-sertao-nao-resiste-e-morre","status":"publish","type":"post","link":"https:\/\/sindaopcpb.org.br\/index.php\/2024\/12\/11\/idosa-internada-apos-ser-vitima-de-incendio-no-sertao-nao-resiste-e-morre\/","title":{"rendered":"Idosa internada ap\u00f3s ser v\u00edtima de inc\u00eandio no Sert\u00e3o n\u00e3o resiste e morre"},"content":{"rendered":"<p><img width=\"491\" height=\"311\" src=\"https:\/\/pbagora.s3.amazonaws.com\/2024\/12\/11142754\/Captura-de-tela-2024-12-11-142451.png\" class=\"attachment-large size-large wp-post-image\" alt=\"\" style=\"margin-bottom: 20px;\" decoding=\"async\" srcset=\"https:\/\/pbagora.s3.amazonaws.com\/2024\/12\/11142754\/Captura-de-tela-2024-12-11-142451.png 491w, https:\/\/pbagora.s3.amazonaws.com\/2024\/12\/11142754\/Captura-de-tela-2024-12-11-142451-300x190.png 300w, https:\/\/pbagora.s3.amazonaws.com\/2024\/12\/11142754\/Captura-de-tela-2024-12-11-142451-150x95.png 150w, https:\/\/pbagora.s3.amazonaws.com\/2024\/12\/11142754\/Captura-de-tela-2024-12-11-142451-380x241.png 380w, https:\/\/pbagora.s3.amazonaws.com\/2024\/12\/11142754\/Captura-de-tela-2024-12-11-142451-80x50.png 80w\" sizes=\"(max-width: 491px) 100vw, 491px\" \/><\/p><p>Uma idosa de 75 anos, v\u00edtima de um inc\u00eandio na cidade de M\u00e3e d&#8217;\u00c1gua, na regi\u00e3o Metropolitana de Patos, no Sert\u00e3o da Para\u00edba, n\u00e3o resistiu aos ferimentos e faleceu nesta quarta-feira (11), quase uma semana ap\u00f3s o tr\u00e1gico acidente.<\/p>\n<p>O inc\u00eandio ocorreu na \u00faltima sexta-feira (6), quando Maria do Carmo Mendon\u00e7a estava em sua resid\u00eancia com a filha. As investiga\u00e7\u00f5es iniciais apontam que o fogo pode ter sido provocado por um curto-circuito em um ventilador, o que fez as chamas se espalharem rapidamente.<\/p>\n<p>Na ocasi\u00e3o, Maria do Carmo estava se recuperando de uma cirurgia e, devido \u00e0 sua limitada mobilidade, n\u00e3o conseguiu escapar das chamas, sofrendo queimaduras de terceiro grau. Ela foi socorrida e encaminhada ao Hospital de Emerg\u00eancia e Trauma de Campina Grande, mas infelizmente n\u00e3o resistiu aos ferimentos e faleceu ap\u00f3s uma semana internada.<\/p>\n<p>Sua filha, que tamb\u00e9m estava no local no momento do inc\u00eandio, sofreu queimaduras graves, mas seu estado de sa\u00fade \u00e9 est\u00e1vel e ela n\u00e3o corre risco de morte.<\/p>\n<p>&nbsp;<\/p>\n<p><em><strong>Reda\u00e7\u00e3o<\/strong><\/em><\/p>\n","protected":false},"excerpt":{"rendered":"<p><img loading=\"lazy\" decoding=\"async\" width=\"491\" height=\"311\" src=\"https:\/\/pbagora.s3.amazonaws.com\/2024\/12\/11142754\/Captura-de-tela-2024-12-11-142451.png\" class=\"attachment-large size-large wp-post-image\" alt=\"\"><\/p>\n<p>Uma idosa de 75 anos, v\u00edtima de um inc\u00eandio na cidade de M\u00e3e d\u2019\u00c1gua, na regi\u00e3o Metropolitana de\u2026<\/p>\n","protected":false},"author":123457,"featured_media":0,"comment_status":"closed","ping_status":"closed","sticky":false,"template":"","format":"standard","meta":{"advgb_blocks_editor_width":"","advgb_blocks_columns_visual_guide":"","footnotes":""},"categories":[34],"tags":[10845,35,10839],"class_list":["post-52963","post","type-post","status-publish","format-standard","hentry","category-g1","tag-destaque-centro-01","tag-g1","tag-policial"],"author_meta":{"display_name":"Reda\u00e7\u00e3o","author_link":"https:\/\/sindaopcpb.org.br\/author\/redacao\/"},"featured_img":null,"coauthors":[],"tax_additional":{"categories":{"linked":["<a href=\"https:\/\/sindaopcpb.org.br\/g1\/\" class=\"advgb-post-tax-term\">G1<\/a>"],"unlinked":["<span class=\"advgb-post-tax-term\">G1<\/span>"]},"tags":{"linked":["<a href=\"https:\/\/sindaopcpb.org.br\/g1\/\" class=\"advgb-post-tax-term\">Destaque Centro 01<\/a>","<a href=\"https:\/\/sindaopcpb.org.br\/g1\/\" class=\"advgb-post-tax-term\">g1<\/a>","<a href=\"https:\/\/sindaopcpb.org.br\/g1\/\" class=\"advgb-post-tax-term\">Policial<\/a>"],"unlinked":["<span class=\"advgb-post-tax-term\">Destaque Centro 01<\/span>","<span class=\"advgb-post-tax-term\">g1<\/span>","<span class=\"advgb-post-tax-term\">Policial<\/span>"]}},"comment_count":"0","relative_dates":{"created":"Publicado 1 ano atr\u00e1s","modified":"Atualizado 1 ano atr\u00e1s"},"absolute_dates":{"created":"Publicado em 11 de dezembro de 2024","modified":"Atualizado em 11 de dezembro de 2024"},"absolute_dates_time":{"created":"Publicado em 11 de dezembro de 2024 19:26","modified":"Atualizado em 11 de dezembro de 2024 19:26"},"featured_img_caption":"","series_order":"","_links":{"self":[{"href":"https:\/\/sindaopcpb.org.br\/index.php\/wp-json\/wp\/v2\/posts\/52963","targetHints":{"allow":["GET"]}}],"collection":[{"href":"https:\/\/sindaopcpb.org.br\/index.php\/wp-json\/wp\/v2\/posts"}],"about":[{"href":"https:\/\/sindaopcpb.org.br\/index.php\/wp-json\/wp\/v2\/types\/post"}],"author":[{"embeddable":true,"href":"https:\/\/sindaopcpb.org.br\/index.php\/wp-json\/wp\/v2\/users\/123457"}],"replies":[{"embeddable":true,"href":"https:\/\/sindaopcpb.org.br\/index.php\/wp-json\/wp\/v2\/comments?post=52963"}],"version-history":[{"count":3,"href":"https:\/\/sindaopcpb.org.br\/index.php\/wp-json\/wp\/v2\/posts\/52963\/revisions"}],"predecessor-version":[{"id":52978,"href":"https:\/\/sindaopcpb.org.br\/index.php\/wp-json\/wp\/v2\/posts\/52963\/revisions\/52978"}],"wp:attachment":[{"href":"https:\/\/sindaopcpb.org.br\/index.php\/wp-json\/wp\/v2\/media?parent=52963"}],"wp:term":[{"taxonomy":"category","embeddable":true,"href":"https:\/\/sindaopcpb.org.br\/index.php\/wp-json\/wp\/v2\/categories?post=52963"},{"taxonomy":"post_tag","embeddable":true,"href":"https:\/\/sindaopcpb.org.br\/index.php\/wp-json\/wp\/v2\/tags?post=52963"}],"curies":[{"name":"wp","href":"https:\/\/api.w.org\/{rel}","templated":true}]}}