{"id":5294,"date":"2022-10-19T21:00:15","date_gmt":"2022-10-20T00:00:15","guid":{"rendered":"https:\/\/g1.globo.com\/pb\/paraiba\/eleicoes\/2022\/noticia\/2022\/10\/19\/joao-azevedo-diz-que-vai-ampliar-investimentos-no-setor-da-cultura-durante-agenda-em-joao-pessoa.ghtml"},"modified":"2022-10-19T21:00:15","modified_gmt":"2022-10-20T00:00:15","slug":"joao-azevedo-diz-que-vai-ampliar-investimentos-no-setor-da-cultura-durante-agenda-em-joao-pessoa","status":"publish","type":"post","link":"https:\/\/sindaopcpb.org.br\/index.php\/2022\/10\/19\/joao-azevedo-diz-que-vai-ampliar-investimentos-no-setor-da-cultura-durante-agenda-em-joao-pessoa\/","title":{"rendered":"Jo\u00e3o Azev\u00eado diz que vai ampliar investimentos no setor da cultura, durante agenda em Jo\u00e3o Pessoa"},"content":{"rendered":"   <img src=\"https:\/\/s2.glbimg.com\/_pFv7dwgba3h4LJ9ygc25kJamjY=\/i.s3.glbimg.com\/v1\/AUTH_59edd422c0c84a879bd37670ae4f538a\/internal_photos\/bs\/2022\/L\/z\/11OwyzTyC1xSd1LROwzA\/joao-azevedo-1910.jpg\" \/><br \/>   Declara\u00e7\u00f5es foram feitas \u00e0 reportagem da TV Cabo Branco, nesta quarta-feira (19).  Jo\u00e3o Azev\u00eado, do PSB, participa de evento com o setor da cultura em Jo\u00e3o Pessoa\nReprodu\u00e7\u00e3o\/TV Cabo Branco\nO candidato do PSB ao governo da Para\u00edba, Jo\u00e3o Azev\u00eado, cumpriu agenda em Jo\u00e3o Pessoa, nesta quarta-feira (19). Ele esteve no Centro Cultural Piollin, no bairro do Tambi\u00e1, onde se reuniu com grupos culturais e agremia\u00e7\u00f5es do carnaval tradi\u00e7\u00e3o de Jo\u00e3o Pessoa. \nJo\u00e3o Azev\u00eado conversou com a TV Cabo Branco e disse que vai ampliar os investimentos no setor cultural. \n\"A aten\u00e7\u00e3o que teve durante nosso primeiro mandato e amplia\u00e7\u00e3o das a\u00e7\u00f5es. N\u00f3s estamos atrav\u00e9s de muito di\u00e1logo construindo uma pauta extremamente importante, que \u00e9 exatamente isso que ser\u00e1 agora assinado aqui, com todo o segmento, de 13 pontos, que demonstra nossa disposi\u00e7\u00e3o de continuar ampliando as a\u00e7\u00f5es na cultura\", afirmou. \nO candidato \u00e0 reelei\u00e7\u00e3o citou a\u00e7\u00f5es para o setor que foram feitas durante seu primeiro mandato. \"N\u00f3s somos o governo que, al\u00e9m dos investimentos que n\u00f3s tivemos com a Lei Aldir Blanc, fizemos uma distribui\u00e7\u00e3o correta. N\u00f3s reformamos e recuperamos o Teatro Santa Catarina em Jo\u00e3o Pessoa, n\u00f3s tivemos a oportunidade de abrir o Museu de Jo\u00e3o Pessoa, o memorial que n\u00f3s abrimos no Espa\u00e7o Cultural, de Abelardo da Hora, que hoje \u00e9 uma das refer\u00eancias naturais da cultura. N\u00f3s tivemos a oportunidade de apoiar 16 festivais de cinema por toda a Para\u00edba, n\u00f3s tivemos condi\u00e7\u00f5es de abrir o Museu da Pol\u00edcia Militar, o Museu do Artesanato. Isso s\u00e3o espa\u00e7os importantes para a cultura para que a gente possa continuar avan\u00e7ando e hoje o que est\u00e1 acontecendo aqui, acima de tudo, \u00e9 essa reafirma\u00e7\u00e3o de que n\u00f3s vamos estar atentos \u00e0 cultura\", concluiu. \nA TV Cabo Branco e o g1 v\u00e3o acompanhar diariamente os compromissos de campanha dos dois candidatos que disputam o 2\u00ba turno do governo da Para\u00edba.\nV\u00eddeos mais assistidos do g1 Para\u00edba  ","protected":false},"excerpt":{"rendered":"<p>      Declara\u00e7\u00f5es foram feitas \u00e0 reportagem da TV Cabo Branco, nesta quarta-feira (19).  Jo\u00e3o Azev\u00eado, do PSB, participa de evento com o setor da cultura em Jo\u00e3o Pessoa<br \/>\nReprodu\u00e7\u00e3o\/TV Cabo Branco<br \/>\nO candidato do PSB ao governo da Para\u00edba, Jo\u00e3o Azev\u00eado, c&#8230;<\/p>\n","protected":false},"author":2,"featured_media":0,"comment_status":"closed","ping_status":"closed","sticky":false,"template":"","format":"standard","meta":{"advgb_blocks_editor_width":"","advgb_blocks_columns_visual_guide":"","footnotes":""},"categories":[34],"tags":[35],"class_list":["post-5294","post","type-post","status-publish","format-standard","hentry","category-g1","tag-g1"],"author_meta":{"display_name":"g1 &gt; Para\u00edba","author_link":"https:\/\/sindaopcpb.org.br\/author\/g1-paraiba\/"},"featured_img":null,"coauthors":[],"tax_additional":{"categories":{"linked":["<a href=\"https:\/\/sindaopcpb.org.br\/g1\/\" class=\"advgb-post-tax-term\">G1<\/a>"],"unlinked":["<span class=\"advgb-post-tax-term\">G1<\/span>"]},"tags":{"linked":["<a href=\"https:\/\/sindaopcpb.org.br\/g1\/\" class=\"advgb-post-tax-term\">g1<\/a>"],"unlinked":["<span class=\"advgb-post-tax-term\">g1<\/span>"]}},"comment_count":"0","relative_dates":{"created":"Publicado 4 anos atr\u00e1s","modified":"Atualizado 4 anos atr\u00e1s"},"absolute_dates":{"created":"Publicado em 19 de outubro de 2022","modified":"Atualizado em 19 de outubro de 2022"},"absolute_dates_time":{"created":"Publicado em 19 de outubro de 2022 21:00","modified":"Atualizado em 19 de outubro de 2022 21:00"},"featured_img_caption":"","series_order":"","_links":{"self":[{"href":"https:\/\/sindaopcpb.org.br\/index.php\/wp-json\/wp\/v2\/posts\/5294","targetHints":{"allow":["GET"]}}],"collection":[{"href":"https:\/\/sindaopcpb.org.br\/index.php\/wp-json\/wp\/v2\/posts"}],"about":[{"href":"https:\/\/sindaopcpb.org.br\/index.php\/wp-json\/wp\/v2\/types\/post"}],"author":[{"embeddable":true,"href":"https:\/\/sindaopcpb.org.br\/index.php\/wp-json\/wp\/v2\/users\/2"}],"replies":[{"embeddable":true,"href":"https:\/\/sindaopcpb.org.br\/index.php\/wp-json\/wp\/v2\/comments?post=5294"}],"version-history":[{"count":1,"href":"https:\/\/sindaopcpb.org.br\/index.php\/wp-json\/wp\/v2\/posts\/5294\/revisions"}],"predecessor-version":[{"id":5295,"href":"https:\/\/sindaopcpb.org.br\/index.php\/wp-json\/wp\/v2\/posts\/5294\/revisions\/5295"}],"wp:attachment":[{"href":"https:\/\/sindaopcpb.org.br\/index.php\/wp-json\/wp\/v2\/media?parent=5294"}],"wp:term":[{"taxonomy":"category","embeddable":true,"href":"https:\/\/sindaopcpb.org.br\/index.php\/wp-json\/wp\/v2\/categories?post=5294"},{"taxonomy":"post_tag","embeddable":true,"href":"https:\/\/sindaopcpb.org.br\/index.php\/wp-json\/wp\/v2\/tags?post=5294"}],"curies":[{"name":"wp","href":"https:\/\/api.w.org\/{rel}","templated":true}]}}