{"id":5094,"date":"2022-10-15T07:39:15","date_gmt":"2022-10-15T10:39:15","guid":{"rendered":"https:\/\/g1.globo.com\/pb\/paraiba\/musica\/noticia\/2022\/10\/15\/tarcisio-do-acordeon-se-apresenta-neste-sabado-15-em-vaquejada-em-campina-grande.ghtml"},"modified":"2022-10-15T07:39:15","modified_gmt":"2022-10-15T10:39:15","slug":"tarcisio-do-acordeon-se-apresenta-neste-sabado-15-em-vaquejada-em-campina-grande","status":"publish","type":"post","link":"https:\/\/sindaopcpb.org.br\/index.php\/2022\/10\/15\/tarcisio-do-acordeon-se-apresenta-neste-sabado-15-em-vaquejada-em-campina-grande\/","title":{"rendered":"Tarc\u00edsio do Acordeon se apresenta neste s\u00e1bado (15) em vaquejada, em Campina Grande"},"content":{"rendered":"   <img src=\"https:\/\/s2.glbimg.com\/L3t-YPbQZN_s-7yySoe7Cmum3G4=\/i.s3.glbimg.com\/v1\/AUTH_59edd422c0c84a879bd37670ae4f538a\/internal_photos\/bs\/2022\/G\/0\/hZLE1tQlS12AWBRzHXRg\/tarcisio-do-acordeon-2.jpg\" \/><br \/>   Artista se apresenta na Vaquejada Parque Maria da Luz, junto com Vitor Fernandes, Fabiano Guimar\u00e3es e Bob L\u00e9o. Tarc\u00edsio do Acordeon\nDivulga\u00e7\u00e3o\nNeste s\u00e1bado (15) o Parque Maria da Luz est\u00e1 em festa pelos 45 anos de hist\u00f3ria. E, para comemorar, o local, que fica em Campina Grande, Agreste da Para\u00edba, realiza uma vaquejada e recebe v\u00e1rios artistas para shows.\nConfira o Guia Qual \u00e9 a Boa\nA programa\u00e7\u00e3o da festa conta com apresenta\u00e7\u00f5es de Bob L\u00e9o, Tarc\u00edsio do Acordeon, Vitor Fernandes e Fabiano Guimar\u00e3es. A Vaquejada Maria da Luz j\u00e1 come\u00e7ou desde a quinta-feira (13), mas os shows acontecem neste s\u00e1bado (15).\nLEIA TAMB\u00c9M:\nRa\u00edzes do Brejo acontece neste fim de semana em Duas Estradas\nOs ingressos s\u00e3o vendidos em v\u00e1rios pontos comerciais de Campina Grande, como nas \u00d3ticas Diniz Prime do Centro e do Partage Shopping, al\u00e9m de estabelecimentos de Massaranduba, Serra Redonda e Riach\u00e3o do Bacamarte. Os interessados tamb\u00e9m podem comprar ingressos pela internet.\nV\u00eddeos mais assistidos da Para\u00edba ","protected":false},"excerpt":{"rendered":"<p>      Artista se apresenta na Vaquejada Parque Maria da Luz, junto com Vitor Fernandes, Fabiano Guimar\u00e3es e Bob L\u00e9o. Tarc\u00edsio do Acordeon<br \/>\nDivulga\u00e7\u00e3o<br \/>\nNeste s\u00e1bado (15) o Parque Maria da Luz est\u00e1 em festa pelos 45 anos de hist\u00f3ria. E, para comemorar, o l&#8230;<\/p>\n","protected":false},"author":2,"featured_media":0,"comment_status":"closed","ping_status":"closed","sticky":false,"template":"","format":"standard","meta":{"advgb_blocks_editor_width":"","advgb_blocks_columns_visual_guide":"","footnotes":""},"categories":[34],"tags":[35],"class_list":["post-5094","post","type-post","status-publish","format-standard","hentry","category-g1","tag-g1"],"author_meta":{"display_name":"g1 &gt; Para\u00edba","author_link":"https:\/\/sindaopcpb.org.br\/author\/g1-paraiba\/"},"featured_img":null,"coauthors":[],"tax_additional":{"categories":{"linked":["<a href=\"https:\/\/sindaopcpb.org.br\/g1\/\" class=\"advgb-post-tax-term\">G1<\/a>"],"unlinked":["<span class=\"advgb-post-tax-term\">G1<\/span>"]},"tags":{"linked":["<a href=\"https:\/\/sindaopcpb.org.br\/g1\/\" class=\"advgb-post-tax-term\">g1<\/a>"],"unlinked":["<span class=\"advgb-post-tax-term\">g1<\/span>"]}},"comment_count":"0","relative_dates":{"created":"Publicado 4 anos atr\u00e1s","modified":"Atualizado 4 anos atr\u00e1s"},"absolute_dates":{"created":"Publicado em 15 de outubro de 2022","modified":"Atualizado em 15 de outubro de 2022"},"absolute_dates_time":{"created":"Publicado em 15 de outubro de 2022 07:39","modified":"Atualizado em 15 de outubro de 2022 07:39"},"featured_img_caption":"","series_order":"","_links":{"self":[{"href":"https:\/\/sindaopcpb.org.br\/index.php\/wp-json\/wp\/v2\/posts\/5094","targetHints":{"allow":["GET"]}}],"collection":[{"href":"https:\/\/sindaopcpb.org.br\/index.php\/wp-json\/wp\/v2\/posts"}],"about":[{"href":"https:\/\/sindaopcpb.org.br\/index.php\/wp-json\/wp\/v2\/types\/post"}],"author":[{"embeddable":true,"href":"https:\/\/sindaopcpb.org.br\/index.php\/wp-json\/wp\/v2\/users\/2"}],"replies":[{"embeddable":true,"href":"https:\/\/sindaopcpb.org.br\/index.php\/wp-json\/wp\/v2\/comments?post=5094"}],"version-history":[{"count":1,"href":"https:\/\/sindaopcpb.org.br\/index.php\/wp-json\/wp\/v2\/posts\/5094\/revisions"}],"predecessor-version":[{"id":5095,"href":"https:\/\/sindaopcpb.org.br\/index.php\/wp-json\/wp\/v2\/posts\/5094\/revisions\/5095"}],"wp:attachment":[{"href":"https:\/\/sindaopcpb.org.br\/index.php\/wp-json\/wp\/v2\/media?parent=5094"}],"wp:term":[{"taxonomy":"category","embeddable":true,"href":"https:\/\/sindaopcpb.org.br\/index.php\/wp-json\/wp\/v2\/categories?post=5094"},{"taxonomy":"post_tag","embeddable":true,"href":"https:\/\/sindaopcpb.org.br\/index.php\/wp-json\/wp\/v2\/tags?post=5094"}],"curies":[{"name":"wp","href":"https:\/\/api.w.org\/{rel}","templated":true}]}}