{"id":50811,"date":"2024-09-19T15:01:36","date_gmt":"2024-09-19T18:01:36","guid":{"rendered":"https:\/\/www.pbagora.com.br\/?p=859042"},"modified":"2024-09-19T15:01:36","modified_gmt":"2024-09-19T18:01:36","slug":"em-carta-ao-povo-de-joao-pessoa-raissa-trata-acusacoes-como-mentira-cavilosa-toda-verdade-vira-a-tona-leia","status":"publish","type":"post","link":"https:\/\/sindaopcpb.org.br\/index.php\/2024\/09\/19\/em-carta-ao-povo-de-joao-pessoa-raissa-trata-acusacoes-como-mentira-cavilosa-toda-verdade-vira-a-tona-leia\/","title":{"rendered":"Em carta ao povo de Jo\u00e3o Pessoa, Ra\u00edssa trata acusa\u00e7\u00f5es como \u2018mentira cavilosa\u2019: \u201cToda verdade vir\u00e1 \u00e0 tona\u201d; LEIA"},"content":{"rendered":"<p><img width=\"850\" height=\"537\" src=\"https:\/\/pbagora.s3.amazonaws.com\/2024\/09\/19134201\/Captura-de-tela-2024-09-19-134121.png\" class=\"attachment-large size-large wp-post-image\" alt=\"\" style=\"margin-bottom: 20px;\" decoding=\"async\" loading=\"lazy\" srcset=\"https:\/\/pbagora.s3.amazonaws.com\/2024\/09\/19134201\/Captura-de-tela-2024-09-19-134121.png 850w, https:\/\/pbagora.s3.amazonaws.com\/2024\/09\/19134201\/Captura-de-tela-2024-09-19-134121-300x190.png 300w, https:\/\/pbagora.s3.amazonaws.com\/2024\/09\/19134201\/Captura-de-tela-2024-09-19-134121-150x95.png 150w, https:\/\/pbagora.s3.amazonaws.com\/2024\/09\/19134201\/Captura-de-tela-2024-09-19-134121-768x485.png 768w, https:\/\/pbagora.s3.amazonaws.com\/2024\/09\/19134201\/Captura-de-tela-2024-09-19-134121-380x240.png 380w, https:\/\/pbagora.s3.amazonaws.com\/2024\/09\/19134201\/Captura-de-tela-2024-09-19-134121-800x505.png 800w, https:\/\/pbagora.s3.amazonaws.com\/2024\/09\/19134201\/Captura-de-tela-2024-09-19-134121-80x50.png 80w, https:\/\/pbagora.s3.amazonaws.com\/2024\/09\/19134201\/Captura-de-tela-2024-09-19-134121-760x480.png 760w, https:\/\/pbagora.s3.amazonaws.com\/2024\/09\/19134201\/Captura-de-tela-2024-09-19-134121-600x379.png 600w\" sizes=\"(max-width: 850px) 100vw, 850px\" \/><\/p><div class=\"flex max-w-full flex-col flex-grow\">\n<div class=\"min-h-[20px] text-message flex w-full flex-col items-end gap-2 whitespace-normal break-words [.text-message+&amp;]:mt-5\" dir=\"auto\" data-message-author-role=\"assistant\" data-message-id=\"42551080-6b79-461a-81c3-e6ef184feb16\">\n<div class=\"flex w-full flex-col gap-1 empty:hidden first:pt-[3px]\">\n<div class=\"markdown prose w-full break-words dark:prose-invert light\">\n<p>Em uma carta divulgada na manh\u00e3 desta quinta-feira (19), a vereadora Ra\u00edssa Lacerda (PSB), presa preventivamente pela Pol\u00edcia Federal, alegou que as acusa\u00e7\u00f5es contra ela s\u00e3o uma \u201cmentira cavilosa\u201d com o objetivo de prejudicar sua campanha de reelei\u00e7\u00e3o em Jo\u00e3o Pessoa.<\/p>\n<p>Na carta, Ra\u00edssa afirma estar \u201ccom o esp\u00edrito desarmado pr\u00f3prio dos inocentes\u201d e clama por justi\u00e7a diante do que considera \u201cinjusti\u00e7as propositais\u201d para atingir sua honra.<\/p>\n<p>Segundo a vereadora, n\u00e3o h\u00e1 nada que desabone sua conduta ou car\u00e1ter. Ela detalhou que, na primeira a\u00e7\u00e3o da Pol\u00edcia Federal, foi apreendida uma quantia em dinheiro que, segundo ela, \u00e9 fruto de uma heran\u00e7a de uma tia materna e seria utilizada para despesas de campanha, como gr\u00e1fica, combust\u00edvel e alimenta\u00e7\u00e3o.<\/p>\n<p>Nesta quinta-feira (19), Ra\u00edssa foi levada sob cust\u00f3dia pela Pol\u00edcia Federal para prestar esclarecimentos. &#8220;Toda a verdade vir\u00e1 \u00e0 tona e a popula\u00e7\u00e3o de Jo\u00e3o Pessoa conhecer\u00e1 os verdadeiros fatos&#8221;, afirmou.<\/p>\n<p>Ao longo da carta, a parlamentar recha\u00e7ou as acusa\u00e7\u00f5es, classificando-as como parte de uma &#8220;ardilosa persegui\u00e7\u00e3o eleitoral&#8221; destinada a prejudicar sua campanha. Ra\u00edssa ressaltou o legado de seu pai, Jos\u00e9 Lacerda Neto, ex-parlamentar e ex-vice-governador, e declarou que seu comportamento \u00e9 guiado pelos princ\u00edpios herdados dele.<\/p>\n<p>A vereadora encerrou a carta reafirmando sua inoc\u00eancia e criticando aqueles que, segundo ela, tentam \u201cdenegrir seu car\u00e1ter\u201d sem apresentar provas. &#8220;Repilo com a coragem dos inocentes, e afirmo que tudo ser\u00e1 esclarecido. Os verdadeiros culpados e acusadores precisam ter car\u00e1ter e deixar o anonimato&#8221;, concluiu Ra\u00edssa.<\/p>\n<p><strong><em>VEJA CARTA NA \u00cdNTEGRA<\/em><\/strong><\/p>\n<p><img  decoding=\"async\"  class=\"alignnone wp-image-859045 size-large\"  src=\"https:\/\/pbagora.s3.amazonaws.com\/2024\/09\/19134021\/carta-705x1024.jpeg\"  alt=\"\"  width=\"705\"  height=\"1024\"  srcset=\"https:\/\/pbagora.s3.amazonaws.com\/2024\/09\/19134021\/carta-705x1024.jpeg 705w, https:\/\/pbagora.s3.amazonaws.com\/2024\/09\/19134021\/carta-207x300.jpeg 207w, https:\/\/pbagora.s3.amazonaws.com\/2024\/09\/19134021\/carta-103x150.jpeg 103w, https:\/\/pbagora.s3.amazonaws.com\/2024\/09\/19134021\/carta-768x1115.jpeg 768w, https:\/\/pbagora.s3.amazonaws.com\/2024\/09\/19134021\/carta-380x552.jpeg 380w, https:\/\/pbagora.s3.amazonaws.com\/2024\/09\/19134021\/carta-800x1161.jpeg 800w, https:\/\/pbagora.s3.amazonaws.com\/2024\/09\/19134021\/carta-80x116.jpeg 80w, https:\/\/pbagora.s3.amazonaws.com\/2024\/09\/19134021\/carta-55x80.jpeg 55w, https:\/\/pbagora.s3.amazonaws.com\/2024\/09\/19134021\/carta-760x1103.jpeg 760w, https:\/\/pbagora.s3.amazonaws.com\/2024\/09\/19134021\/carta-413x600.jpeg 413w, https:\/\/pbagora.s3.amazonaws.com\/2024\/09\/19134021\/carta.jpeg 1021w\"  sizes=\"(max-width: 705px) 100vw, 705px\" > <img  decoding=\"async\"  class=\"alignnone wp-image-859046 size-large\"  src=\"https:\/\/pbagora.s3.amazonaws.com\/2024\/09\/19134030\/carta2-698x1024.jpeg\"  alt=\"\"  width=\"698\"  height=\"1024\"  srcset=\"https:\/\/pbagora.s3.amazonaws.com\/2024\/09\/19134030\/carta2-698x1024.jpeg 698w, https:\/\/pbagora.s3.amazonaws.com\/2024\/09\/19134030\/carta2-204x300.jpeg 204w, https:\/\/pbagora.s3.amazonaws.com\/2024\/09\/19134030\/carta2-102x150.jpeg 102w, https:\/\/pbagora.s3.amazonaws.com\/2024\/09\/19134030\/carta2-768x1127.jpeg 768w, https:\/\/pbagora.s3.amazonaws.com\/2024\/09\/19134030\/carta2-380x558.jpeg 380w, https:\/\/pbagora.s3.amazonaws.com\/2024\/09\/19134030\/carta2-800x1174.jpeg 800w, https:\/\/pbagora.s3.amazonaws.com\/2024\/09\/19134030\/carta2-80x117.jpeg 80w, https:\/\/pbagora.s3.amazonaws.com\/2024\/09\/19134030\/carta2-55x80.jpeg 55w, https:\/\/pbagora.s3.amazonaws.com\/2024\/09\/19134030\/carta2-760x1115.jpeg 760w, https:\/\/pbagora.s3.amazonaws.com\/2024\/09\/19134030\/carta2-409x600.jpeg 409w, https:\/\/pbagora.s3.amazonaws.com\/2024\/09\/19134030\/carta2.jpeg 1022w\"  sizes=\"(max-width: 698px) 100vw, 698px\" ><\/p>\n<\/div>\n<p><strong><em>PB Agora<\/em><\/strong><\/p>\n<\/div>\n<\/div>\n<\/div>\n<div class=\"mb-2 flex gap-3 empty:hidden -ml-2\">\n<div class=\"items-center justify-start rounded-xl p-1 flex\">\n<div class=\"flex items-center\">\n<div class=\"flex items-center pb-0\"><\/div>\n<\/div>\n<\/div>\n<\/div>\n","protected":false},"excerpt":{"rendered":"<p><img loading=\"lazy\" decoding=\"async\" width=\"850\" height=\"537\" src=\"https:\/\/pbagora.s3.amazonaws.com\/2024\/09\/19134201\/Captura-de-tela-2024-09-19-134121.png\" class=\"attachment-large size-large wp-post-image\" alt=\"\"><\/p>\n<p>Em uma carta divulgada na manh\u00e3 desta quinta-feira (19), a vereadora Ra\u00edssa Lacerda (PSB), presa preventivamente pela Pol\u00edcia\u2026<\/p>\n","protected":false},"author":123457,"featured_media":0,"comment_status":"closed","ping_status":"closed","sticky":false,"template":"","format":"standard","meta":{"advgb_blocks_editor_width":"","advgb_blocks_columns_visual_guide":"","footnotes":""},"categories":[34],"tags":[35,10839,10843],"class_list":["post-50811","post","type-post","status-publish","format-standard","hentry","category-g1","tag-g1","tag-policial","tag-principal1"],"author_meta":{"display_name":"Reda\u00e7\u00e3o","author_link":"https:\/\/sindaopcpb.org.br\/author\/redacao\/"},"featured_img":null,"coauthors":[],"tax_additional":{"categories":{"linked":["<a href=\"https:\/\/sindaopcpb.org.br\/g1\/\" class=\"advgb-post-tax-term\">G1<\/a>"],"unlinked":["<span class=\"advgb-post-tax-term\">G1<\/span>"]},"tags":{"linked":["<a href=\"https:\/\/sindaopcpb.org.br\/g1\/\" class=\"advgb-post-tax-term\">g1<\/a>","<a href=\"https:\/\/sindaopcpb.org.br\/g1\/\" class=\"advgb-post-tax-term\">Policial<\/a>","<a href=\"https:\/\/sindaopcpb.org.br\/g1\/\" class=\"advgb-post-tax-term\">Principal1<\/a>"],"unlinked":["<span class=\"advgb-post-tax-term\">g1<\/span>","<span class=\"advgb-post-tax-term\">Policial<\/span>","<span class=\"advgb-post-tax-term\">Principal1<\/span>"]}},"comment_count":"0","relative_dates":{"created":"Publicado 2 anos atr\u00e1s","modified":"Atualizado 2 anos atr\u00e1s"},"absolute_dates":{"created":"Publicado em 19 de setembro de 2024","modified":"Atualizado em 19 de setembro de 2024"},"absolute_dates_time":{"created":"Publicado em 19 de setembro de 2024 15:01","modified":"Atualizado em 19 de setembro de 2024 15:01"},"featured_img_caption":"","series_order":"","_links":{"self":[{"href":"https:\/\/sindaopcpb.org.br\/index.php\/wp-json\/wp\/v2\/posts\/50811","targetHints":{"allow":["GET"]}}],"collection":[{"href":"https:\/\/sindaopcpb.org.br\/index.php\/wp-json\/wp\/v2\/posts"}],"about":[{"href":"https:\/\/sindaopcpb.org.br\/index.php\/wp-json\/wp\/v2\/types\/post"}],"author":[{"embeddable":true,"href":"https:\/\/sindaopcpb.org.br\/index.php\/wp-json\/wp\/v2\/users\/123457"}],"replies":[{"embeddable":true,"href":"https:\/\/sindaopcpb.org.br\/index.php\/wp-json\/wp\/v2\/comments?post=50811"}],"version-history":[{"count":3,"href":"https:\/\/sindaopcpb.org.br\/index.php\/wp-json\/wp\/v2\/posts\/50811\/revisions"}],"predecessor-version":[{"id":50830,"href":"https:\/\/sindaopcpb.org.br\/index.php\/wp-json\/wp\/v2\/posts\/50811\/revisions\/50830"}],"wp:attachment":[{"href":"https:\/\/sindaopcpb.org.br\/index.php\/wp-json\/wp\/v2\/media?parent=50811"}],"wp:term":[{"taxonomy":"category","embeddable":true,"href":"https:\/\/sindaopcpb.org.br\/index.php\/wp-json\/wp\/v2\/categories?post=50811"},{"taxonomy":"post_tag","embeddable":true,"href":"https:\/\/sindaopcpb.org.br\/index.php\/wp-json\/wp\/v2\/tags?post=50811"}],"curies":[{"name":"wp","href":"https:\/\/api.w.org\/{rel}","templated":true}]}}