{"id":5075,"date":"2022-10-14T17:11:53","date_gmt":"2022-10-14T20:11:53","guid":{"rendered":"https:\/\/g1.globo.com\/pb\/paraiba\/noticia\/2022\/10\/14\/paraiba-registra-10-mortes-por-meningite-em-2022-diz-ses.ghtml"},"modified":"2022-10-14T17:11:53","modified_gmt":"2022-10-14T20:11:53","slug":"paraiba-registra-10-mortes-por-meningite-em-2022-diz-ses","status":"publish","type":"post","link":"https:\/\/sindaopcpb.org.br\/index.php\/2022\/10\/14\/paraiba-registra-10-mortes-por-meningite-em-2022-diz-ses\/","title":{"rendered":"Para\u00edba registra 10 mortes por meningite em 2022, diz SES"},"content":{"rendered":"   <img src=\"https:\/\/s2.glbimg.com\/Z-vX9x06L_7sMiKayk-6J3-8POw=\/i.s3.glbimg.com\/v1\/AUTH_59edd422c0c84a879bd37670ae4f538a\/internal_photos\/bs\/2022\/U\/h\/H2Y45BRwKSz5PTiPYolw\/neisseria-meningitidis-csf-gram-1000.jpg\" \/><br \/>   Ao todo, o estado notificou 38 casos da doen\u00e7a neste ano. Neisseria meningitidis, a bact\u00e9ria que causa a meningite meningoc\u00f3cica.\nWikimedia\nA Para\u00edba registrou 10 mortes causadas por meningite no ano de 2022, segundo informou a Secretaria de Estado da Sa\u00fade (SES). Ao todo, o estado notificou 38 casos da doen\u00e7a neste ano.\nA SES, no entanto, n\u00e3o detalhou outras informa\u00e7\u00f5es sobre as mortes.\nCompartilhe esta not\u00edcia no Whatsapp\nCompartilhe esta not\u00edcia no Telegram\nA vacina\u00e7\u00e3o contra diferentes tipos de meningite foi ampliada na rede estadual de sa\u00fade. Os imunizantes est\u00e3o dispon\u00edveis em todos os postos de imuniza\u00e7\u00e3o dos munic\u00edpios paraibanos.\nA meningo C est\u00e1 dispon\u00edvel para crian\u00e7as de 5 a 10 anos (at\u00e9 fevereiro de 2023) e adultos (desde que sejam trabalhadores da sa\u00fade).\nLEIA TAMB\u00c9M:\nMENINGITE MENINGOC\u00d3CICA: o que \u00e9, quais os sintomas, como tratar e prevenir?\nPara as crian\u00e7as, h\u00e1 disponibilidade de primeiras e segundas doses. J\u00e1 os trabalhadores de sa\u00fade s\u00e3o imunizados com dose \u00fanica.\nJ\u00e1 a meningo ACWY est\u00e1 dispon\u00edvel para adolescentes de 11 a 12 anos e de 13 a 14 anos (para esse segundo grupo, s\u00f3 at\u00e9 fevereiro do ano que vem).\nEm Jo\u00e3o Pessoa, os adolescentes entre 13 e 14 anos, que n\u00e3o estiverem vacinados, v\u00e3o poder tomar essas vacinas temporariamente, pois a inclus\u00e3o vale apenas at\u00e9 junho de 2023. \nV\u00eddeos mais assistidos do g1 Para\u00edba ","protected":false},"excerpt":{"rendered":"<p>      Ao todo, o estado notificou 38 casos da doen\u00e7a neste ano. Neisseria meningitidis, a bact\u00e9ria que causa a meningite meningoc\u00f3cica.<br \/>\nWikimedia<br \/>\nA Para\u00edba registrou 10 mortes causadas por meningite no ano de 2022, segundo informou a Secretaria de Esta&#8230;<\/p>\n","protected":false},"author":2,"featured_media":0,"comment_status":"closed","ping_status":"closed","sticky":false,"template":"","format":"standard","meta":{"advgb_blocks_editor_width":"","advgb_blocks_columns_visual_guide":"","footnotes":""},"categories":[34],"tags":[35],"class_list":["post-5075","post","type-post","status-publish","format-standard","hentry","category-g1","tag-g1"],"author_meta":{"display_name":"g1 &gt; Para\u00edba","author_link":"https:\/\/sindaopcpb.org.br\/author\/g1-paraiba\/"},"featured_img":null,"coauthors":[],"tax_additional":{"categories":{"linked":["<a href=\"https:\/\/sindaopcpb.org.br\/g1\/\" class=\"advgb-post-tax-term\">G1<\/a>"],"unlinked":["<span class=\"advgb-post-tax-term\">G1<\/span>"]},"tags":{"linked":["<a href=\"https:\/\/sindaopcpb.org.br\/g1\/\" class=\"advgb-post-tax-term\">g1<\/a>"],"unlinked":["<span class=\"advgb-post-tax-term\">g1<\/span>"]}},"comment_count":"0","relative_dates":{"created":"Publicado 4 anos atr\u00e1s","modified":"Atualizado 4 anos atr\u00e1s"},"absolute_dates":{"created":"Publicado em 14 de outubro de 2022","modified":"Atualizado em 14 de outubro de 2022"},"absolute_dates_time":{"created":"Publicado em 14 de outubro de 2022 17:11","modified":"Atualizado em 14 de outubro de 2022 17:11"},"featured_img_caption":"","series_order":"","_links":{"self":[{"href":"https:\/\/sindaopcpb.org.br\/index.php\/wp-json\/wp\/v2\/posts\/5075","targetHints":{"allow":["GET"]}}],"collection":[{"href":"https:\/\/sindaopcpb.org.br\/index.php\/wp-json\/wp\/v2\/posts"}],"about":[{"href":"https:\/\/sindaopcpb.org.br\/index.php\/wp-json\/wp\/v2\/types\/post"}],"author":[{"embeddable":true,"href":"https:\/\/sindaopcpb.org.br\/index.php\/wp-json\/wp\/v2\/users\/2"}],"replies":[{"embeddable":true,"href":"https:\/\/sindaopcpb.org.br\/index.php\/wp-json\/wp\/v2\/comments?post=5075"}],"version-history":[{"count":1,"href":"https:\/\/sindaopcpb.org.br\/index.php\/wp-json\/wp\/v2\/posts\/5075\/revisions"}],"predecessor-version":[{"id":5076,"href":"https:\/\/sindaopcpb.org.br\/index.php\/wp-json\/wp\/v2\/posts\/5075\/revisions\/5076"}],"wp:attachment":[{"href":"https:\/\/sindaopcpb.org.br\/index.php\/wp-json\/wp\/v2\/media?parent=5075"}],"wp:term":[{"taxonomy":"category","embeddable":true,"href":"https:\/\/sindaopcpb.org.br\/index.php\/wp-json\/wp\/v2\/categories?post=5075"},{"taxonomy":"post_tag","embeddable":true,"href":"https:\/\/sindaopcpb.org.br\/index.php\/wp-json\/wp\/v2\/tags?post=5075"}],"curies":[{"name":"wp","href":"https:\/\/api.w.org\/{rel}","templated":true}]}}