{"id":5033,"date":"2022-10-13T20:22:04","date_gmt":"2022-10-13T23:22:04","guid":{"rendered":"https:\/\/g1.globo.com\/pb\/paraiba\/eleicoes\/2022\/noticia\/2022\/10\/13\/joao-azevedo-quer-implantar-prontuario-eletronico-na-rede-de-saude-da-paraiba.ghtml"},"modified":"2022-10-13T20:22:04","modified_gmt":"2022-10-13T23:22:04","slug":"joao-azevedo-quer-implantar-prontuario-eletronico-na-rede-de-saude-da-paraiba","status":"publish","type":"post","link":"https:\/\/sindaopcpb.org.br\/index.php\/2022\/10\/13\/joao-azevedo-quer-implantar-prontuario-eletronico-na-rede-de-saude-da-paraiba\/","title":{"rendered":"Jo\u00e3o Azev\u00eado quer implantar prontu\u00e1rio eletr\u00f4nico na rede de sa\u00fade da Para\u00edba"},"content":{"rendered":"   <img src=\"https:\/\/s2.glbimg.com\/3TQ9JZ24Dl4Lt270-hTka6-5Y9w=\/i.s3.glbimg.com\/v1\/AUTH_59edd422c0c84a879bd37670ae4f538a\/internal_photos\/bs\/2022\/a\/v\/7jaE3rQBe76v0vVIZIgQ\/joao-azevedo-participa-de-sabatina-na-radio-cbn.jpg\" \/><br \/>   Declara\u00e7\u00f5es foram feitas durante entrevista na r\u00e1dio CBN Jo\u00e3o Pessoa nesta quinta-feira (13). Jo\u00e3o Azev\u00eado (PSB) participou de sabatina na r\u00e1dio CBN\nReprodu\u00e7\u00e3o\/TV Cabo Branco\nO candidato do PSB ao governo da Para\u00edba, Jo\u00e3o Azev\u00eado (PSB), cumpriu agenda em Jo\u00e3o Pessoa, nesta quinta-feira (13), onde participou de uma entrevista \u00e0 r\u00e1dio CBN Jo\u00e3o Pessoa. \nNa ocasi\u00e3o, Jo\u00e3o Azev\u00eado fez uma avalia\u00e7\u00e3o do atual mandato e disse que pretende implantar um prontu\u00e1rio eletr\u00f4nico para pacientes de todo o estado. \n\"Eu quero o prontu\u00e1rio eletr\u00f4nico interligado em todos os hospitais pra quando o cidad\u00e3o entrar no hospital, digitar o CPF dele, voc\u00ea ter todo o hist\u00f3rico da sa\u00fade dele. Os exames que ele fez recentemente, porque ele pode ter um atendimento 15, 20 dias depois, e o que \u00e9 que acontece no hospital? Voc\u00ea refaz todos os exames. Se voc\u00ea tiver o prontu\u00e1rio, voc\u00ea vai ter uma redu\u00e7\u00e3o de custo\", disse.\nO candidato disse tamb\u00e9m que quer concluir o Lote 2 do Canal Acau\u00e3-Ara\u00e7agi, para atender zona rural e assentamentos.\n\"N\u00f3s tivemos condi\u00e7\u00f5es de fazer atrav\u00e9s de um projeto de engenharia muito bem feito, chegar mais pr\u00f3ximos dessas comunidades. E estamos estabelecendo agora as regras de funcionamento. Mas, no pr\u00f3ximo ano, essa obra passar\u00e1 efetivamente a ser utilizada n\u00e3o s\u00f3 pela popula\u00e7\u00e3o rural, mas pela popula\u00e7\u00e3o urbana\", declarou.\nA TV Cabo Branco e o g1 v\u00e3o acompanhar diariamente os compromissos de campanha dos dois candidatos que disputam o 2\u00ba turno do governo da Para\u00edba.\nV\u00eddeos mais assistidos do g1 Para\u00edba ","protected":false},"excerpt":{"rendered":"<p>      Declara\u00e7\u00f5es foram feitas durante entrevista na r\u00e1dio CBN Jo\u00e3o Pessoa nesta quinta-feira (13). Jo\u00e3o Azev\u00eado (PSB) participou de sabatina na r\u00e1dio CBN<br \/>\nReprodu\u00e7\u00e3o\/TV Cabo Branco<br \/>\nO candidato do PSB ao governo da Para\u00edba, Jo\u00e3o Azev\u00eado (PSB), cumpriu a&#8230;<\/p>\n","protected":false},"author":2,"featured_media":0,"comment_status":"closed","ping_status":"closed","sticky":false,"template":"","format":"standard","meta":{"advgb_blocks_editor_width":"","advgb_blocks_columns_visual_guide":"","footnotes":""},"categories":[34],"tags":[35],"class_list":["post-5033","post","type-post","status-publish","format-standard","hentry","category-g1","tag-g1"],"author_meta":{"display_name":"g1 &gt; Para\u00edba","author_link":"https:\/\/sindaopcpb.org.br\/author\/g1-paraiba\/"},"featured_img":null,"coauthors":[],"tax_additional":{"categories":{"linked":["<a href=\"https:\/\/sindaopcpb.org.br\/g1\/\" class=\"advgb-post-tax-term\">G1<\/a>"],"unlinked":["<span class=\"advgb-post-tax-term\">G1<\/span>"]},"tags":{"linked":["<a href=\"https:\/\/sindaopcpb.org.br\/g1\/\" class=\"advgb-post-tax-term\">g1<\/a>"],"unlinked":["<span class=\"advgb-post-tax-term\">g1<\/span>"]}},"comment_count":"0","relative_dates":{"created":"Publicado 4 anos atr\u00e1s","modified":"Atualizado 4 anos atr\u00e1s"},"absolute_dates":{"created":"Publicado em 13 de outubro de 2022","modified":"Atualizado em 13 de outubro de 2022"},"absolute_dates_time":{"created":"Publicado em 13 de outubro de 2022 20:22","modified":"Atualizado em 13 de outubro de 2022 20:22"},"featured_img_caption":"","series_order":"","_links":{"self":[{"href":"https:\/\/sindaopcpb.org.br\/index.php\/wp-json\/wp\/v2\/posts\/5033","targetHints":{"allow":["GET"]}}],"collection":[{"href":"https:\/\/sindaopcpb.org.br\/index.php\/wp-json\/wp\/v2\/posts"}],"about":[{"href":"https:\/\/sindaopcpb.org.br\/index.php\/wp-json\/wp\/v2\/types\/post"}],"author":[{"embeddable":true,"href":"https:\/\/sindaopcpb.org.br\/index.php\/wp-json\/wp\/v2\/users\/2"}],"replies":[{"embeddable":true,"href":"https:\/\/sindaopcpb.org.br\/index.php\/wp-json\/wp\/v2\/comments?post=5033"}],"version-history":[{"count":1,"href":"https:\/\/sindaopcpb.org.br\/index.php\/wp-json\/wp\/v2\/posts\/5033\/revisions"}],"predecessor-version":[{"id":5034,"href":"https:\/\/sindaopcpb.org.br\/index.php\/wp-json\/wp\/v2\/posts\/5033\/revisions\/5034"}],"wp:attachment":[{"href":"https:\/\/sindaopcpb.org.br\/index.php\/wp-json\/wp\/v2\/media?parent=5033"}],"wp:term":[{"taxonomy":"category","embeddable":true,"href":"https:\/\/sindaopcpb.org.br\/index.php\/wp-json\/wp\/v2\/categories?post=5033"},{"taxonomy":"post_tag","embeddable":true,"href":"https:\/\/sindaopcpb.org.br\/index.php\/wp-json\/wp\/v2\/tags?post=5033"}],"curies":[{"name":"wp","href":"https:\/\/api.w.org\/{rel}","templated":true}]}}