{"id":50253,"date":"2024-08-31T08:43:43","date_gmt":"2024-08-31T11:43:43","guid":{"rendered":"https:\/\/www.pbagora.com.br\/?p=854553"},"modified":"2024-08-31T15:00:43","modified_gmt":"2024-08-31T18:00:43","slug":"pastor-e-preso-sob-suspeita-de-abuso-sexual-contra-menina-de-12-anos","status":"publish","type":"post","link":"https:\/\/sindaopcpb.org.br\/index.php\/2024\/08\/31\/pastor-e-preso-sob-suspeita-de-abuso-sexual-contra-menina-de-12-anos\/","title":{"rendered":"Pastor \u00e9 preso sob suspeita de abuso sexual contra menina de 12 anos"},"content":{"rendered":"<p><img width=\"678\" height=\"452\" src=\"https:\/\/pbagora.s3.amazonaws.com\/20191021091320\/abuso.jpg\" class=\"attachment-large size-large wp-post-image\" alt=\"\" style=\"margin-bottom: 20px;\" decoding=\"async\" srcset=\"https:\/\/pbagora.s3.amazonaws.com\/20191021091320\/abuso.jpg 678w, https:\/\/pbagora.s3.amazonaws.com\/20191021091320\/abuso-300x200.jpg 300w, https:\/\/pbagora.s3.amazonaws.com\/20191021091320\/abuso-150x100.jpg 150w, https:\/\/pbagora.s3.amazonaws.com\/20191021091320\/abuso-80x53.jpg 80w, https:\/\/pbagora.s3.amazonaws.com\/20191021091320\/abuso-600x400.jpg 600w\" sizes=\"(max-width: 678px) 100vw, 678px\" \/><\/p><p>Um pastor evang\u00e9lico, morador da cidade de Princesa Isabel, suspeito de estupro de vulner\u00e1vel contra uma menina de 12 anos. <\/p>\n<p>Segundo informa\u00e7\u00f5es prestadas pelo delegado respons\u00e1vel pelo caso, Gutemberg Cabral, os abusos teriam sido realizados na casa da av\u00f3 da v\u00edtima.<\/p>\n<p>O suspeito \u00e9 marido da tia da crian\u00e7a.<\/p>\n<p>Mesmo ap\u00f3s a den\u00fancia do caso, o pastor teve sua pris\u00e3o preventiva negada pela Justi\u00e7a, mas foram impostas medidas cautelares, que estabelecem a proibi\u00e7\u00e3o que qualquer contato com a v\u00edtima, seus familiares e testemunhas.<\/p>\n<p>Al\u00e9m disso, o suspeito est\u00e1 obrigado a comparecer todos os meses em ju\u00edzo afim de justificar suas atividades, n\u00e3o poder\u00e1 mudar de resid\u00eancia e est\u00e1 impedido de se ausentar da comarca sem autoriza\u00e7\u00e3o judicial.<\/p>\n<p><strong>PB Agora<\/strong><\/p>\n","protected":false},"excerpt":{"rendered":"<p><img loading=\"lazy\" decoding=\"async\" width=\"678\" height=\"452\" src=\"https:\/\/pbagora.s3.amazonaws.com\/20191021091320\/abuso.jpg\" class=\"attachment-large size-large wp-post-image\" alt=\"\"><\/p>\n<p>Um pastor evang\u00e9lico, morador da cidade de Princesa Isabel, suspeito de estupro de vulner\u00e1vel contra uma menina de\u2026<\/p>\n","protected":false},"author":123457,"featured_media":0,"comment_status":"closed","ping_status":"closed","sticky":false,"template":"","format":"standard","meta":{"advgb_blocks_editor_width":"","advgb_blocks_columns_visual_guide":"","footnotes":""},"categories":[34],"tags":[35,10839,10847],"class_list":["post-50253","post","type-post","status-publish","format-standard","hentry","category-g1","tag-g1","tag-policial","tag-rodape-03"],"author_meta":{"display_name":"Reda\u00e7\u00e3o","author_link":"https:\/\/sindaopcpb.org.br\/author\/redacao\/"},"featured_img":null,"coauthors":[],"tax_additional":{"categories":{"linked":["<a href=\"https:\/\/sindaopcpb.org.br\/g1\/\" class=\"advgb-post-tax-term\">G1<\/a>"],"unlinked":["<span class=\"advgb-post-tax-term\">G1<\/span>"]},"tags":{"linked":["<a href=\"https:\/\/sindaopcpb.org.br\/g1\/\" class=\"advgb-post-tax-term\">g1<\/a>","<a href=\"https:\/\/sindaopcpb.org.br\/g1\/\" class=\"advgb-post-tax-term\">Policial<\/a>","<a href=\"https:\/\/sindaopcpb.org.br\/g1\/\" class=\"advgb-post-tax-term\">Rodape 03<\/a>"],"unlinked":["<span class=\"advgb-post-tax-term\">g1<\/span>","<span class=\"advgb-post-tax-term\">Policial<\/span>","<span class=\"advgb-post-tax-term\">Rodape 03<\/span>"]}},"comment_count":"0","relative_dates":{"created":"Publicado 2 anos atr\u00e1s","modified":"Atualizado 2 anos atr\u00e1s"},"absolute_dates":{"created":"Publicado em 31 de agosto de 2024","modified":"Atualizado em 31 de agosto de 2024"},"absolute_dates_time":{"created":"Publicado em 31 de agosto de 2024 08:43","modified":"Atualizado em 31 de agosto de 2024 15:00"},"featured_img_caption":"","series_order":"","_links":{"self":[{"href":"https:\/\/sindaopcpb.org.br\/index.php\/wp-json\/wp\/v2\/posts\/50253","targetHints":{"allow":["GET"]}}],"collection":[{"href":"https:\/\/sindaopcpb.org.br\/index.php\/wp-json\/wp\/v2\/posts"}],"about":[{"href":"https:\/\/sindaopcpb.org.br\/index.php\/wp-json\/wp\/v2\/types\/post"}],"author":[{"embeddable":true,"href":"https:\/\/sindaopcpb.org.br\/index.php\/wp-json\/wp\/v2\/users\/123457"}],"replies":[{"embeddable":true,"href":"https:\/\/sindaopcpb.org.br\/index.php\/wp-json\/wp\/v2\/comments?post=50253"}],"version-history":[{"count":4,"href":"https:\/\/sindaopcpb.org.br\/index.php\/wp-json\/wp\/v2\/posts\/50253\/revisions"}],"predecessor-version":[{"id":50272,"href":"https:\/\/sindaopcpb.org.br\/index.php\/wp-json\/wp\/v2\/posts\/50253\/revisions\/50272"}],"wp:attachment":[{"href":"https:\/\/sindaopcpb.org.br\/index.php\/wp-json\/wp\/v2\/media?parent=50253"}],"wp:term":[{"taxonomy":"category","embeddable":true,"href":"https:\/\/sindaopcpb.org.br\/index.php\/wp-json\/wp\/v2\/categories?post=50253"},{"taxonomy":"post_tag","embeddable":true,"href":"https:\/\/sindaopcpb.org.br\/index.php\/wp-json\/wp\/v2\/tags?post=50253"}],"curies":[{"name":"wp","href":"https:\/\/api.w.org\/{rel}","templated":true}]}}