{"id":50227,"date":"2024-08-29T16:10:56","date_gmt":"2024-08-29T19:10:56","guid":{"rendered":"https:\/\/www.pbagora.com.br\/?p=854136"},"modified":"2024-08-29T16:10:56","modified_gmt":"2024-08-29T19:10:56","slug":"homem-que-atropelou-e-matou-baterista-da-banda-tuaregs-e-condenado-a-16-anos-de-prisao","status":"publish","type":"post","link":"https:\/\/sindaopcpb.org.br\/index.php\/2024\/08\/29\/homem-que-atropelou-e-matou-baterista-da-banda-tuaregs-e-condenado-a-16-anos-de-prisao\/","title":{"rendered":"Homem que atropelou e matou baterista da banda Tuareg\u2019s \u00e9 condenado a 16 anos de pris\u00e3o"},"content":{"rendered":"<p><img width=\"768\" height=\"461\" src=\"https:\/\/pbagora.s3.amazonaws.com\/2024\/08\/29151917\/ESTELIONATO-2-768x461-1.jpg\" class=\"attachment-large size-large wp-post-image\" alt=\"\" style=\"margin-bottom: 20px;\" decoding=\"async\" loading=\"lazy\" srcset=\"https:\/\/pbagora.s3.amazonaws.com\/2024\/08\/29151917\/ESTELIONATO-2-768x461-1.jpg 768w, https:\/\/pbagora.s3.amazonaws.com\/2024\/08\/29151917\/ESTELIONATO-2-768x461-1-300x180.jpg 300w, https:\/\/pbagora.s3.amazonaws.com\/2024\/08\/29151917\/ESTELIONATO-2-768x461-1-150x90.jpg 150w, https:\/\/pbagora.s3.amazonaws.com\/2024\/08\/29151917\/ESTELIONATO-2-768x461-1-380x228.jpg 380w, https:\/\/pbagora.s3.amazonaws.com\/2024\/08\/29151917\/ESTELIONATO-2-768x461-1-80x48.jpg 80w, https:\/\/pbagora.s3.amazonaws.com\/2024\/08\/29151917\/ESTELIONATO-2-768x461-1-760x456.jpg 760w, https:\/\/pbagora.s3.amazonaws.com\/2024\/08\/29151917\/ESTELIONATO-2-768x461-1-600x360.jpg 600w\" sizes=\"(max-width: 768px) 100vw, 768px\" \/><\/p><p>Ant\u00f4nio Carlos Gomes de Oliveira foi condenado a 16 anos de pris\u00e3o pelo j\u00fari popular, nesta quinta-feira (29), por causar a morte de Jailson Bandeira Bezerra, conhecido como Dainha Batera, baterista da banda Tuaregs. O acidente ocorreu em 25 de janeiro de 2021.<\/p>\n<p>O julgamento aconteceu no 2\u00ba Tribunal do J\u00fari Popular, no F\u00f3rum Criminal de Jo\u00e3o Pessoa. Ant\u00f4nio Carlos foi pronunciado por dolo eventual e denunciado pelo Minist\u00e9rio P\u00fablico. Segundo o processo, ele estava dirigindo sob efeito de \u00e1lcool e sem habilita\u00e7\u00e3o.<\/p>\n<p><strong>Relembre o Crime<\/strong><\/p>\n<p>O acidente fatal ocorreu no cruzamento da Avenida Esperan\u00e7a com a Rua Franca Filho, no bairro de Mana\u00edra, Jo\u00e3o Pessoa, por volta das 16h. Na ocasi\u00e3o, o ve\u00edculo de luxo conduzido por Ant\u00f4nio Carlos, uma BMW vermelha, estava em alta velocidade e fugia da pol\u00edcia. A persegui\u00e7\u00e3o policial come\u00e7ou ap\u00f3s o motorista ter ignorado uma ordem de parada e o sinal de prefer\u00eancia, resultando na colis\u00e3o com o carro em que estava Jailson Bezerra.<\/p>\n<p><a href=\"https:\/\/pbagora.s3.amazonaws.com\/2024\/08\/29151934\/jailson-bezerra-1.webp\"><img  loading=\"lazy\"  decoding=\"async\"  class=\"size-full wp-image-854140 alignleft\"  src=\"https:\/\/pbagora.s3.amazonaws.com\/2024\/08\/29151934\/jailson-bezerra-1.webp\"  alt=\"\"  width=\"984\"  height=\"738\"  srcset=\"https:\/\/pbagora.s3.amazonaws.com\/2024\/08\/29151934\/jailson-bezerra-1.webp 984w, https:\/\/pbagora.s3.amazonaws.com\/2024\/08\/29151934\/jailson-bezerra-1-300x225.webp 300w, https:\/\/pbagora.s3.amazonaws.com\/2024\/08\/29151934\/jailson-bezerra-1-150x113.webp 150w, https:\/\/pbagora.s3.amazonaws.com\/2024\/08\/29151934\/jailson-bezerra-1-768x576.webp 768w, https:\/\/pbagora.s3.amazonaws.com\/2024\/08\/29151934\/jailson-bezerra-1-200x150.webp 200w, https:\/\/pbagora.s3.amazonaws.com\/2024\/08\/29151934\/jailson-bezerra-1-260x195.webp 260w, https:\/\/pbagora.s3.amazonaws.com\/2024\/08\/29151934\/jailson-bezerra-1-380x285.webp 380w, https:\/\/pbagora.s3.amazonaws.com\/2024\/08\/29151934\/jailson-bezerra-1-800x600.webp 800w, https:\/\/pbagora.s3.amazonaws.com\/2024\/08\/29151934\/jailson-bezerra-1-80x60.webp 80w, https:\/\/pbagora.s3.amazonaws.com\/2024\/08\/29151934\/jailson-bezerra-1-600x450.webp 600w, https:\/\/pbagora.s3.amazonaws.com\/2024\/08\/29151934\/jailson-bezerra-1-520x390.webp 520w, https:\/\/pbagora.s3.amazonaws.com\/2024\/08\/29151934\/jailson-bezerra-1-760x570.webp 760w\"  sizes=\"(max-width: 984px) 100vw, 984px\" ><\/a><\/p>\n<p>O impacto causou a destrui\u00e7\u00e3o da BMW e o carro da v\u00edtima tamb\u00e9m atingiu um ve\u00edculo estacionado, que estava vazio. Equipes do Corpo de Bombeiros precisaram remover o corpo das ferragens. Jailson Bezerra morreu ainda no local.<\/p>\n<p>O motorista da BMW se negou a fazer o teste do baf\u00f4metro e, durante a pris\u00e3o, admitiu n\u00e3o ter habilita\u00e7\u00e3o. O tenente Ribeiro, da Companhia Especializada em Apoio ao Turista (CEATur), relatou que o acusado se apresentou como estelionat\u00e1rio e afirmou estar em Jo\u00e3o Pessoa h\u00e1 cerca de oito meses.<\/p>\n<p>O condutor foi levado \u00e0 Central de Flagrantes da Pol\u00edcia Civil e, segundo o delegado Carlos Othon, ele foi autuado por homic\u00eddio doloso com dolo eventual devido ao risco assumido ao dirigir em alta velocidade.<\/p>\n<p>Nas redes sociais, a banda Tuaregs lamentou a perda de Dainha Batera: &#8220;Sabe aquele cara de boa, que voc\u00ea nunca via de mau humor? Dainha, infelizmente, n\u00e3o teremos mais voc\u00ea nos shows, mas fica aqui o nosso respeito e gratid\u00e3o pelo tempo que passamos juntos e pelo batalhador que voc\u00ea era&#8221;. Al\u00e9m de baterista, Jailson Bezerra era tamb\u00e9m professor de bateria.<\/p>\n","protected":false},"excerpt":{"rendered":"<p><img decoding=\"async\" width=\"768\" height=\"461\" src=\"https:\/\/pbagora.s3.amazonaws.com\/2024\/08\/29151917\/ESTELIONATO-2-768x461-1.jpg\" class=\"attachment-large size-large wp-post-image\" alt=\"\" loading=\"lazy\"><\/p>\n<p>Ant\u00f4nio Carlos Gomes de Oliveira foi condenado a 16 anos de pris\u00e3o pelo j\u00fari popular, nesta quinta-feira (29),\u2026<\/p>\n","protected":false},"author":123458,"featured_media":0,"comment_status":"closed","ping_status":"closed","sticky":false,"template":"","format":"standard","meta":{"advgb_blocks_editor_width":"","advgb_blocks_columns_visual_guide":"","footnotes":""},"categories":[34],"tags":[35,10839],"class_list":["post-50227","post","type-post","status-publish","format-standard","hentry","category-g1","tag-g1","tag-policial"],"author_meta":{"display_name":"Feliphe Rojas","author_link":"https:\/\/sindaopcpb.org.br\/author\/feliphe-rojas\/"},"featured_img":null,"coauthors":[],"tax_additional":{"categories":{"linked":["<a href=\"https:\/\/sindaopcpb.org.br\/g1\/\" class=\"advgb-post-tax-term\">G1<\/a>"],"unlinked":["<span class=\"advgb-post-tax-term\">G1<\/span>"]},"tags":{"linked":["<a href=\"https:\/\/sindaopcpb.org.br\/g1\/\" class=\"advgb-post-tax-term\">g1<\/a>","<a href=\"https:\/\/sindaopcpb.org.br\/g1\/\" class=\"advgb-post-tax-term\">Policial<\/a>"],"unlinked":["<span class=\"advgb-post-tax-term\">g1<\/span>","<span class=\"advgb-post-tax-term\">Policial<\/span>"]}},"comment_count":"0","relative_dates":{"created":"Publicado 2 anos atr\u00e1s","modified":"Atualizado 2 anos atr\u00e1s"},"absolute_dates":{"created":"Publicado em 29 de agosto de 2024","modified":"Atualizado em 29 de agosto de 2024"},"absolute_dates_time":{"created":"Publicado em 29 de agosto de 2024 16:10","modified":"Atualizado em 29 de agosto de 2024 16:10"},"featured_img_caption":"","series_order":"","_links":{"self":[{"href":"https:\/\/sindaopcpb.org.br\/index.php\/wp-json\/wp\/v2\/posts\/50227","targetHints":{"allow":["GET"]}}],"collection":[{"href":"https:\/\/sindaopcpb.org.br\/index.php\/wp-json\/wp\/v2\/posts"}],"about":[{"href":"https:\/\/sindaopcpb.org.br\/index.php\/wp-json\/wp\/v2\/types\/post"}],"author":[{"embeddable":true,"href":"https:\/\/sindaopcpb.org.br\/index.php\/wp-json\/wp\/v2\/users\/123458"}],"replies":[{"embeddable":true,"href":"https:\/\/sindaopcpb.org.br\/index.php\/wp-json\/wp\/v2\/comments?post=50227"}],"version-history":[{"count":1,"href":"https:\/\/sindaopcpb.org.br\/index.php\/wp-json\/wp\/v2\/posts\/50227\/revisions"}],"predecessor-version":[{"id":50229,"href":"https:\/\/sindaopcpb.org.br\/index.php\/wp-json\/wp\/v2\/posts\/50227\/revisions\/50229"}],"wp:attachment":[{"href":"https:\/\/sindaopcpb.org.br\/index.php\/wp-json\/wp\/v2\/media?parent=50227"}],"wp:term":[{"taxonomy":"category","embeddable":true,"href":"https:\/\/sindaopcpb.org.br\/index.php\/wp-json\/wp\/v2\/categories?post=50227"},{"taxonomy":"post_tag","embeddable":true,"href":"https:\/\/sindaopcpb.org.br\/index.php\/wp-json\/wp\/v2\/tags?post=50227"}],"curies":[{"name":"wp","href":"https:\/\/api.w.org\/{rel}","templated":true}]}}