{"id":5013,"date":"2022-10-13T14:21:54","date_gmt":"2022-10-13T17:21:54","guid":{"rendered":"https:\/\/g1.globo.com\/pb\/paraiba\/noticia\/2022\/10\/13\/filmes-curta-metragens-selecionados-para-mostra-competitiva-no-fest-aruanda-2022-sao-divulgados.ghtml"},"modified":"2022-10-13T14:21:54","modified_gmt":"2022-10-13T17:21:54","slug":"filmes-curta-metragens-selecionados-para-mostra-competitiva-no-fest-aruanda-2022-sao-divulgados","status":"publish","type":"post","link":"https:\/\/sindaopcpb.org.br\/index.php\/2022\/10\/13\/filmes-curta-metragens-selecionados-para-mostra-competitiva-no-fest-aruanda-2022-sao-divulgados\/","title":{"rendered":"Filmes curta-metragens selecionados para mostra competitiva no Fest Aruanda 2022 s\u00e3o divulgados"},"content":{"rendered":"   <img src=\"https:\/\/s2.glbimg.com\/6mHwbOhdjRZFtpEVS6dATyJJV5I=\/i.s3.glbimg.com\/v1\/AUTH_59edd422c0c84a879bd37670ae4f538a\/internal_photos\/bs\/2017\/1\/L\/GKcf30SjG8RYqQ0IAJWQ\/aruanda2.jpg\" \/><br \/>   Resultado foi divulgado em uma live no YouTube, nesta quinta-feira (13). Fest Aruanda acontece no Cin\u00e9polis do Mana\u00edra Shopping\nC\u00e9sar Moura\/Divulga\u00e7\u00e3o\nForam divulgados nesta quinta-feira (13) os filmes curta-metragens selecionados para exibi\u00e7\u00e3o no Fest Aruanda 2022. O festival acontece de 1\u00ba a 7 de dezembro, no Cin\u00e9polis do Mana\u00edra Shopping, em Jo\u00e3o Pessoa.\nO resultado foi divulgado em uma live no YouTube. Na ocasi\u00e3o, o nome de dose filmes foram apresentados. Destes, tr\u00eas s\u00e3o da Para\u00edba: \"D\u00e9j\u00e0 Vu\", de Lagoa Seca; \"Sangue por Sangue\",  de Jo\u00e3o Pessoa; e \"Desejo e Necessidade\", de Campina Grande.\nFilmes selecionados para o Fest Aruanda 2022:\nLista de selecionados \nDivulga\u00e7\u00e3o\/Fest Aruanda \nD\u00e9j\u00e0 Vu; dire\u00e7\u00e3o: Carlos Mosca; g\u00eanero: Fic\u00e7\u00e3o; dura\u00e7\u00e3o: 12:00;\nDesejo e Necessidade; dire\u00e7\u00e3o: Milson Roberto, g\u00eanero: Fic\u00e7\u00e3o, dura\u00e7\u00e3o: 10:47;\nSangue por Sangue; dire\u00e7\u00e3o: Ian Ab\u00e9 e Rodolpho de Barros, g\u00eanero: Fic\u00e7\u00e3o, dura\u00e7\u00e3o: 14:21;\nQuarentena; dire\u00e7\u00e3o: Adiel Nizer e Nando Sturmer, g\u00eanero: Fic\u00e7\u00e3o, dura\u00e7\u00e3o: 06:11;\nSaindo com Estranhos da Internet; dire\u00e7\u00e3o: Eduardo Wahrhftig, g\u00eanero: Anima\u00e7\u00e3o, dura\u00e7\u00e3o: 11:20;\nMergulho; dire\u00e7\u00e3o: Marton Olympto e Anderson Jesus, g\u00eanero: Fic\u00e7\u00e3o; dura\u00e7\u00e3o: 15:46;\nTiro de Miseric\u00f3rdia; dire\u00e7\u00e3o: Augusto Barros; g\u00eanero: Fic\u00e7\u00e3o; dura\u00e7\u00e3o: 16:59;\nCarta para Glauber; dire\u00e7\u00e3o: Gregory Baltz; g\u00eanero: Document\u00e1rio; dura\u00e7\u00e3o: 11:59;\nEles N\u00e3o V\u00eam em Paz; dire\u00e7\u00e3o: Pedro Oranges e Victor Silva; g\u00eanero: Fic\u00e7\u00e3o, dura\u00e7\u00e3o: 04:08;\nSocorro; dire\u00e7\u00e3o: Susanna Lira; g\u00eanero: document\u00e1rio; dura\u00e7\u00e3o: 15:42.\nHomenagem\nDentre os homenageados desta edi\u00e7\u00e3o, est\u00e1 o jornalista, poeta, cr\u00edtico e cineasta paraibano Jurandir Moura, morto em 1980, aos 40 anos. Tamb\u00e9m receber\u00e1 homenagem o professor da UFPB, cineasta e encenador teatral Eliezer Rolim, morto em fevereiro de 2022, por complica\u00e7\u00f5es da Covid-19.\nV\u00eddeos mais assistidos do g1 Para\u00edba  ","protected":false},"excerpt":{"rendered":"<p>      Resultado foi divulgado em uma live no YouTube, nesta quinta-feira (13). Fest Aruanda acontece no Cin\u00e9polis do Mana\u00edra Shopping<br \/>\nC\u00e9sar Moura\/Divulga\u00e7\u00e3o<br \/>\nForam divulgados nesta quinta-feira (13) os filmes curta-metragens selecionados para exibi\u00e7\u00e3o n&#8230;<\/p>\n","protected":false},"author":2,"featured_media":0,"comment_status":"closed","ping_status":"closed","sticky":false,"template":"","format":"standard","meta":{"advgb_blocks_editor_width":"","advgb_blocks_columns_visual_guide":"","footnotes":""},"categories":[34],"tags":[35],"class_list":["post-5013","post","type-post","status-publish","format-standard","hentry","category-g1","tag-g1"],"author_meta":{"display_name":"g1 &gt; Para\u00edba","author_link":"https:\/\/sindaopcpb.org.br\/author\/g1-paraiba\/"},"featured_img":null,"coauthors":[],"tax_additional":{"categories":{"linked":["<a href=\"https:\/\/sindaopcpb.org.br\/g1\/\" class=\"advgb-post-tax-term\">G1<\/a>"],"unlinked":["<span class=\"advgb-post-tax-term\">G1<\/span>"]},"tags":{"linked":["<a href=\"https:\/\/sindaopcpb.org.br\/g1\/\" class=\"advgb-post-tax-term\">g1<\/a>"],"unlinked":["<span class=\"advgb-post-tax-term\">g1<\/span>"]}},"comment_count":"0","relative_dates":{"created":"Publicado 4 anos atr\u00e1s","modified":"Atualizado 4 anos atr\u00e1s"},"absolute_dates":{"created":"Publicado em 13 de outubro de 2022","modified":"Atualizado em 13 de outubro de 2022"},"absolute_dates_time":{"created":"Publicado em 13 de outubro de 2022 14:21","modified":"Atualizado em 13 de outubro de 2022 14:21"},"featured_img_caption":"","series_order":"","_links":{"self":[{"href":"https:\/\/sindaopcpb.org.br\/index.php\/wp-json\/wp\/v2\/posts\/5013","targetHints":{"allow":["GET"]}}],"collection":[{"href":"https:\/\/sindaopcpb.org.br\/index.php\/wp-json\/wp\/v2\/posts"}],"about":[{"href":"https:\/\/sindaopcpb.org.br\/index.php\/wp-json\/wp\/v2\/types\/post"}],"author":[{"embeddable":true,"href":"https:\/\/sindaopcpb.org.br\/index.php\/wp-json\/wp\/v2\/users\/2"}],"replies":[{"embeddable":true,"href":"https:\/\/sindaopcpb.org.br\/index.php\/wp-json\/wp\/v2\/comments?post=5013"}],"version-history":[{"count":1,"href":"https:\/\/sindaopcpb.org.br\/index.php\/wp-json\/wp\/v2\/posts\/5013\/revisions"}],"predecessor-version":[{"id":5014,"href":"https:\/\/sindaopcpb.org.br\/index.php\/wp-json\/wp\/v2\/posts\/5013\/revisions\/5014"}],"wp:attachment":[{"href":"https:\/\/sindaopcpb.org.br\/index.php\/wp-json\/wp\/v2\/media?parent=5013"}],"wp:term":[{"taxonomy":"category","embeddable":true,"href":"https:\/\/sindaopcpb.org.br\/index.php\/wp-json\/wp\/v2\/categories?post=5013"},{"taxonomy":"post_tag","embeddable":true,"href":"https:\/\/sindaopcpb.org.br\/index.php\/wp-json\/wp\/v2\/tags?post=5013"}],"curies":[{"name":"wp","href":"https:\/\/api.w.org\/{rel}","templated":true}]}}