{"id":49848,"date":"2024-08-16T06:23:17","date_gmt":"2024-08-16T09:23:17","guid":{"rendered":"https:\/\/www.pbagora.com.br\/?p=850686"},"modified":"2024-08-16T11:23:17","modified_gmt":"2024-08-16T14:23:17","slug":"ex-vereador-e-vaqueiro-sao-assassinados-em-ataque-a-tiros-no-municipio-de-poco-de-jose-de-moura","status":"publish","type":"post","link":"https:\/\/sindaopcpb.org.br\/index.php\/2024\/08\/16\/ex-vereador-e-vaqueiro-sao-assassinados-em-ataque-a-tiros-no-municipio-de-poco-de-jose-de-moura\/","title":{"rendered":"Ex-vereador e vaqueiro s\u00e3o assassinados em ataque a tiros no munic\u00edpio de Po\u00e7o de Jos\u00e9 de Moura"},"content":{"rendered":"<p><img width=\"876\" height=\"585\" src=\"https:\/\/pbagora.s3.amazonaws.com\/2023\/11\/16071600\/policccc.jpg\" class=\"attachment-large size-large wp-post-image\" alt=\"\" style=\"margin-bottom: 20px;\" decoding=\"async\" srcset=\"https:\/\/pbagora.s3.amazonaws.com\/2023\/11\/16071600\/policccc.jpg 876w, https:\/\/pbagora.s3.amazonaws.com\/2023\/11\/16071600\/policccc-300x200.jpg 300w, https:\/\/pbagora.s3.amazonaws.com\/2023\/11\/16071600\/policccc-150x100.jpg 150w, https:\/\/pbagora.s3.amazonaws.com\/2023\/11\/16071600\/policccc-768x513.jpg 768w, https:\/\/pbagora.s3.amazonaws.com\/2023\/11\/16071600\/policccc-380x254.jpg 380w, https:\/\/pbagora.s3.amazonaws.com\/2023\/11\/16071600\/policccc-800x534.jpg 800w, https:\/\/pbagora.s3.amazonaws.com\/2023\/11\/16071600\/policccc-80x53.jpg 80w, https:\/\/pbagora.s3.amazonaws.com\/2023\/11\/16071600\/policccc-760x508.jpg 760w, https:\/\/pbagora.s3.amazonaws.com\/2023\/11\/16071600\/policccc-600x401.jpg 600w\" sizes=\"(max-width: 876px) 100vw, 876px\" \/><\/p><p>A pol\u00edcia investiga um duplo homic\u00eddio registrado na tarde de ontem (15) no munic\u00edpio de Po\u00e7o de Jos\u00e9 de Moura, na regi\u00e3o de Cajazeiras, Sert\u00e3o paraibano. As v\u00edtimas foram identificadas como o ex-vereador Lucr\u00e9cio e um homem que trabalhava com ele, um vaqueiro conhecido como \u201cC\u00edcero de Manu\u201d.<\/p>\n<p>Segundo informa\u00e7\u00f5es preliminares, repassadas pela pol\u00edcia, Lucr\u00e9cio e C\u00edcero estavam em via p\u00fablica quando foram surpreendidos por dois indiv\u00edduos que chegaram ao local em uma motocicleta. Um dos suspeitos sacou uma arma de fogo e disparou v\u00e1rios tiros contra as v\u00edtimas, que n\u00e3o resistiram aos ferimentos e morreram no local do ataque.<\/p>\n<p>Ap\u00f3s o crime, os suspeitos fugiram. Testemunhas chamaram a Pol\u00edcia Militar e a equipe de resgate do SAMU. Apesar dos esfor\u00e7os, ao chegarem, os socorristas apenas constataram os \u00f3bitos de Lucr\u00e9cio e C\u00edcero.<\/p>\n<p>O local do crime foi isolado at\u00e9 a chegada do delegado de plant\u00e3o e dos peritos da Pol\u00edcia Civil. Ap\u00f3s a realiza\u00e7\u00e3o dos procedimentos necess\u00e1rios, os corpos foram encaminhados ao Instituto M\u00e9dico Legal (IML) de Cajazeiras.<\/p>\n<p>Reda\u00e7\u00e3o<\/p>\n","protected":false},"excerpt":{"rendered":"<p><img loading=\"lazy\" decoding=\"async\" width=\"876\" height=\"585\" src=\"https:\/\/pbagora.s3.amazonaws.com\/2023\/11\/16071600\/policccc.jpg\" class=\"attachment-large size-large wp-post-image\" alt=\"\"><\/p>\n<p>A pol\u00edcia investiga um duplo homic\u00eddio registrado na tarde de ontem (15) no munic\u00edpio de Po\u00e7o de Jos\u00e9\u2026<\/p>\n","protected":false},"author":123457,"featured_media":0,"comment_status":"closed","ping_status":"closed","sticky":false,"template":"","format":"standard","meta":{"advgb_blocks_editor_width":"","advgb_blocks_columns_visual_guide":"","footnotes":""},"categories":[34],"tags":[35,10839,10847],"class_list":["post-49848","post","type-post","status-publish","format-standard","hentry","category-g1","tag-g1","tag-policial","tag-rodape-03"],"author_meta":{"display_name":"Reda\u00e7\u00e3o","author_link":"https:\/\/sindaopcpb.org.br\/author\/redacao\/"},"featured_img":null,"coauthors":[],"tax_additional":{"categories":{"linked":["<a href=\"https:\/\/sindaopcpb.org.br\/g1\/\" class=\"advgb-post-tax-term\">G1<\/a>"],"unlinked":["<span class=\"advgb-post-tax-term\">G1<\/span>"]},"tags":{"linked":["<a href=\"https:\/\/sindaopcpb.org.br\/g1\/\" class=\"advgb-post-tax-term\">g1<\/a>","<a href=\"https:\/\/sindaopcpb.org.br\/g1\/\" class=\"advgb-post-tax-term\">Policial<\/a>","<a href=\"https:\/\/sindaopcpb.org.br\/g1\/\" class=\"advgb-post-tax-term\">Rodape 03<\/a>"],"unlinked":["<span class=\"advgb-post-tax-term\">g1<\/span>","<span class=\"advgb-post-tax-term\">Policial<\/span>","<span class=\"advgb-post-tax-term\">Rodape 03<\/span>"]}},"comment_count":"0","relative_dates":{"created":"Publicado 2 anos atr\u00e1s","modified":"Atualizado 2 anos atr\u00e1s"},"absolute_dates":{"created":"Publicado em 16 de agosto de 2024","modified":"Atualizado em 16 de agosto de 2024"},"absolute_dates_time":{"created":"Publicado em 16 de agosto de 2024 06:23","modified":"Atualizado em 16 de agosto de 2024 11:23"},"featured_img_caption":"","series_order":"","_links":{"self":[{"href":"https:\/\/sindaopcpb.org.br\/index.php\/wp-json\/wp\/v2\/posts\/49848","targetHints":{"allow":["GET"]}}],"collection":[{"href":"https:\/\/sindaopcpb.org.br\/index.php\/wp-json\/wp\/v2\/posts"}],"about":[{"href":"https:\/\/sindaopcpb.org.br\/index.php\/wp-json\/wp\/v2\/types\/post"}],"author":[{"embeddable":true,"href":"https:\/\/sindaopcpb.org.br\/index.php\/wp-json\/wp\/v2\/users\/123457"}],"replies":[{"embeddable":true,"href":"https:\/\/sindaopcpb.org.br\/index.php\/wp-json\/wp\/v2\/comments?post=49848"}],"version-history":[{"count":3,"href":"https:\/\/sindaopcpb.org.br\/index.php\/wp-json\/wp\/v2\/posts\/49848\/revisions"}],"predecessor-version":[{"id":49856,"href":"https:\/\/sindaopcpb.org.br\/index.php\/wp-json\/wp\/v2\/posts\/49848\/revisions\/49856"}],"wp:attachment":[{"href":"https:\/\/sindaopcpb.org.br\/index.php\/wp-json\/wp\/v2\/media?parent=49848"}],"wp:term":[{"taxonomy":"category","embeddable":true,"href":"https:\/\/sindaopcpb.org.br\/index.php\/wp-json\/wp\/v2\/categories?post=49848"},{"taxonomy":"post_tag","embeddable":true,"href":"https:\/\/sindaopcpb.org.br\/index.php\/wp-json\/wp\/v2\/tags?post=49848"}],"curies":[{"name":"wp","href":"https:\/\/api.w.org\/{rel}","templated":true}]}}