{"id":49846,"date":"2024-08-16T06:42:28","date_gmt":"2024-08-16T09:42:28","guid":{"rendered":"https:\/\/www.pbagora.com.br\/?p=850694"},"modified":"2024-08-16T06:42:28","modified_gmt":"2024-08-16T09:42:28","slug":"policia-prende-na-bahia-tio-acusado-de-matar-sobrinho-na-cidade-de-inga-na-pb","status":"publish","type":"post","link":"https:\/\/sindaopcpb.org.br\/index.php\/2024\/08\/16\/policia-prende-na-bahia-tio-acusado-de-matar-sobrinho-na-cidade-de-inga-na-pb\/","title":{"rendered":"Pol\u00edcia prende na Bahia tio acusado de matar sobrinho na cidade de Ing\u00e1, na PB"},"content":{"rendered":"<p><img width=\"509\" height=\"435\" src=\"https:\/\/pbagora.s3.amazonaws.com\/2024\/08\/16064219\/Sem-titulo-17.jpg\" class=\"attachment-large size-large wp-post-image\" alt=\"\" style=\"margin-bottom: 20px;\" decoding=\"async\" srcset=\"https:\/\/pbagora.s3.amazonaws.com\/2024\/08\/16064219\/Sem-titulo-17.jpg 509w, https:\/\/pbagora.s3.amazonaws.com\/2024\/08\/16064219\/Sem-titulo-17-300x256.jpg 300w, https:\/\/pbagora.s3.amazonaws.com\/2024\/08\/16064219\/Sem-titulo-17-150x128.jpg 150w, https:\/\/pbagora.s3.amazonaws.com\/2024\/08\/16064219\/Sem-titulo-17-380x325.jpg 380w, https:\/\/pbagora.s3.amazonaws.com\/2024\/08\/16064219\/Sem-titulo-17-80x68.jpg 80w\" sizes=\"(max-width: 509px) 100vw, 509px\" \/><\/p><p>A pol\u00edcia prendeu ontem (15), Flaviano Moraes da Luz, de 50 anos, suspeito de cometer o homic\u00eddio de seu sobrinho, na Bahia. O crime ocorreu no dia 11 de mar\u00e7o deste ano na cidade de Ing\u00e1, interior da Para\u00edba. Flaviano, que \u00e9 tio da esposa da v\u00edtima, Eleandro Vieira da Silva, de 35 anos, um comerciante, havia fugido ap\u00f3s o crime.<\/p>\n<p>Segundo a pol\u00edcia, Eleandro foi morto ap\u00f3s uma discuss\u00e3o com o tio, que o encontrou em sua oficina e disparou contra ele. O motivo do crime seria uma richa antiga entre os dois. As imagens de circuito interno mostraram a a\u00e7\u00e3o violenta de Flaviano, que deixou a v\u00edtima sem chances de defesa.<\/p>\n<p>Ap\u00f3s o crime, Flaviano fugiu para a Bahia, onde passou a trabalhar como motorista alternativo. A Pol\u00edcia Civil da Para\u00edba, em colabora\u00e7\u00e3o com as autoridades baianas, conseguiu localizar e prender o suspeito. A opera\u00e7\u00e3o de captura foi coordenada ap\u00f3s informa\u00e7\u00f5es sobre a localiza\u00e7\u00e3o do fugitivo, que estava vivendo e trabalhando em territ\u00f3rio baiano. O pr\u00f3ximo passo ser\u00e1 a transfer\u00eancia de Flaviano para a Para\u00edba, onde ele dever\u00e1 responder pelo homic\u00eddio.<\/p>\n<p>Reda\u00e7\u00e3o<\/p>\n","protected":false},"excerpt":{"rendered":"<p><img loading=\"lazy\" decoding=\"async\" width=\"509\" height=\"435\" src=\"https:\/\/pbagora.s3.amazonaws.com\/2024\/08\/16064219\/Sem-titulo-17.jpg\" class=\"attachment-large size-large wp-post-image\" alt=\"\"><\/p>\n<p>A pol\u00edcia prendeu ontem (15), Flaviano Moraes da Luz, de 50 anos, suspeito de cometer o homic\u00eddio de\u2026<\/p>\n","protected":false},"author":123457,"featured_media":0,"comment_status":"closed","ping_status":"closed","sticky":false,"template":"","format":"standard","meta":{"advgb_blocks_editor_width":"","advgb_blocks_columns_visual_guide":"","footnotes":""},"categories":[34],"tags":[10845,35,10839],"class_list":["post-49846","post","type-post","status-publish","format-standard","hentry","category-g1","tag-destaque-centro-01","tag-g1","tag-policial"],"author_meta":{"display_name":"Reda\u00e7\u00e3o","author_link":"https:\/\/sindaopcpb.org.br\/author\/redacao\/"},"featured_img":null,"coauthors":[],"tax_additional":{"categories":{"linked":["<a href=\"https:\/\/sindaopcpb.org.br\/g1\/\" class=\"advgb-post-tax-term\">G1<\/a>"],"unlinked":["<span class=\"advgb-post-tax-term\">G1<\/span>"]},"tags":{"linked":["<a href=\"https:\/\/sindaopcpb.org.br\/g1\/\" class=\"advgb-post-tax-term\">Destaque Centro 01<\/a>","<a href=\"https:\/\/sindaopcpb.org.br\/g1\/\" class=\"advgb-post-tax-term\">g1<\/a>","<a href=\"https:\/\/sindaopcpb.org.br\/g1\/\" class=\"advgb-post-tax-term\">Policial<\/a>"],"unlinked":["<span class=\"advgb-post-tax-term\">Destaque Centro 01<\/span>","<span class=\"advgb-post-tax-term\">g1<\/span>","<span class=\"advgb-post-tax-term\">Policial<\/span>"]}},"comment_count":"0","relative_dates":{"created":"Publicado 2 anos atr\u00e1s","modified":"Atualizado 2 anos atr\u00e1s"},"absolute_dates":{"created":"Publicado em 16 de agosto de 2024","modified":"Atualizado em 16 de agosto de 2024"},"absolute_dates_time":{"created":"Publicado em 16 de agosto de 2024 06:42","modified":"Atualizado em 16 de agosto de 2024 06:42"},"featured_img_caption":"","series_order":"","_links":{"self":[{"href":"https:\/\/sindaopcpb.org.br\/index.php\/wp-json\/wp\/v2\/posts\/49846","targetHints":{"allow":["GET"]}}],"collection":[{"href":"https:\/\/sindaopcpb.org.br\/index.php\/wp-json\/wp\/v2\/posts"}],"about":[{"href":"https:\/\/sindaopcpb.org.br\/index.php\/wp-json\/wp\/v2\/types\/post"}],"author":[{"embeddable":true,"href":"https:\/\/sindaopcpb.org.br\/index.php\/wp-json\/wp\/v2\/users\/123457"}],"replies":[{"embeddable":true,"href":"https:\/\/sindaopcpb.org.br\/index.php\/wp-json\/wp\/v2\/comments?post=49846"}],"version-history":[{"count":3,"href":"https:\/\/sindaopcpb.org.br\/index.php\/wp-json\/wp\/v2\/posts\/49846\/revisions"}],"predecessor-version":[{"id":49860,"href":"https:\/\/sindaopcpb.org.br\/index.php\/wp-json\/wp\/v2\/posts\/49846\/revisions\/49860"}],"wp:attachment":[{"href":"https:\/\/sindaopcpb.org.br\/index.php\/wp-json\/wp\/v2\/media?parent=49846"}],"wp:term":[{"taxonomy":"category","embeddable":true,"href":"https:\/\/sindaopcpb.org.br\/index.php\/wp-json\/wp\/v2\/categories?post=49846"},{"taxonomy":"post_tag","embeddable":true,"href":"https:\/\/sindaopcpb.org.br\/index.php\/wp-json\/wp\/v2\/tags?post=49846"}],"curies":[{"name":"wp","href":"https:\/\/api.w.org\/{rel}","templated":true}]}}