{"id":49812,"date":"2024-08-15T07:00:16","date_gmt":"2024-08-15T10:00:16","guid":{"rendered":"https:\/\/www.pbagora.com.br\/?p=850461"},"modified":"2024-08-15T09:00:16","modified_gmt":"2024-08-15T12:00:16","slug":"apos-inspecao-mppb-resgata-de-internos-em-comunidade-terapeutica-em-lagoa-seca","status":"publish","type":"post","link":"https:\/\/sindaopcpb.org.br\/index.php\/2024\/08\/15\/apos-inspecao-mppb-resgata-de-internos-em-comunidade-terapeutica-em-lagoa-seca\/","title":{"rendered":"Ap\u00f3s inspe\u00e7\u00e3o MPPB resgata de internos em comunidade terap\u00eautica em Lagoa Seca"},"content":{"rendered":"<p><img width=\"768\" height=\"512\" src=\"https:\/\/pbagora.s3.amazonaws.com\/2023\/11\/18224425\/mppb-1.jpg\" class=\"attachment-large size-large wp-post-image\" alt=\"\" style=\"margin-bottom: 20px;\" decoding=\"async\" loading=\"lazy\" srcset=\"https:\/\/pbagora.s3.amazonaws.com\/2023\/11\/18224425\/mppb-1.jpg 768w, https:\/\/pbagora.s3.amazonaws.com\/2023\/11\/18224425\/mppb-1-300x200.jpg 300w, https:\/\/pbagora.s3.amazonaws.com\/2023\/11\/18224425\/mppb-1-150x100.jpg 150w, https:\/\/pbagora.s3.amazonaws.com\/2023\/11\/18224425\/mppb-1-380x253.jpg 380w, https:\/\/pbagora.s3.amazonaws.com\/2023\/11\/18224425\/mppb-1-80x53.jpg 80w, https:\/\/pbagora.s3.amazonaws.com\/2023\/11\/18224425\/mppb-1-760x507.jpg 760w, https:\/\/pbagora.s3.amazonaws.com\/2023\/11\/18224425\/mppb-1-600x400.jpg 600w\" sizes=\"(max-width: 768px) 100vw, 768px\" \/><\/p><p>Uma inspe\u00e7\u00e3o do Minist\u00e9rio P\u00fablico da Para\u00edba (MPPB), realizada ontem (14), resultou no resgate de trinta e oito internos e na pris\u00e3o de sete pessoas em uma comunidade terap\u00eautica localizada na cidade de Lagoa Seca, no Agreste da Para\u00edba. A fiscaliza\u00e7\u00e3o identificou irregularidades graves no local, incluindo c\u00e1rcere privado, sequestro e tortura praticada contra os internos.<\/p>\n<p>Segundo o MPPB, a institui\u00e7\u00e3o, cuja identidade n\u00e3o foi divulgada, apresentava-se como uma cl\u00ednica de reabilita\u00e7\u00e3o, mas funcionava na verdade como uma comunidade terap\u00eautica. Os sete indiv\u00edduos detidos fazem parte da dire\u00e7\u00e3o e do corpo de funcion\u00e1rios da institui\u00e7\u00e3o e foram encaminhados \u00e0 Central de Pol\u00edcia de Campina Grande.<\/p>\n<p>A promotora de Justi\u00e7a Fabiana Lobo, que coordena o Centro de Apoio Operacional \u00e0s Promotorias de Justi\u00e7a da Sa\u00fade e esteve presente na inspe\u00e7\u00e3o, revelou que a maioria dos internos resgatados relatou estar em sistema de c\u00e1rcere privado. Segundo Lobo, os quartos estavam todos fechados com cadeado, e os internos que pediam para sair eram dopados ou agredidos.<\/p>\n<p>\u201cA maioria dos acolhidos disse que est\u00e1 no local em sistema de c\u00e1rcere privado, que n\u00e3o pode sair, inclusive, detectamos que eles estavam com os quartos todos fechados, com cadeado e, durante a oitiva, eles disseram que, quando pedem para sair, ou s\u00e3o dopados ou apanham\u201d, afirmou Lobo.<\/p>\n<p>A promotora destacou ainda que muitos internos foram retirados de suas casas de forma compuls\u00f3ria, frequentemente com o uso de armas. \u201cV\u00e1rios relataram isso, de sequestro, de c\u00e1rcere privado, de maus tratos, de tortura. Alguns relataram que apanhavam com pau, com fio. Ent\u00e3o houve a pris\u00e3o em flagrante de sete pessoas da dire\u00e7\u00e3o e do corpo de funcion\u00e1rios\u201d, completou a promotora.<\/p>\n<p>Reda\u00e7\u00e3o<\/p>\n","protected":false},"excerpt":{"rendered":"<p><img decoding=\"async\" width=\"768\" height=\"512\" src=\"https:\/\/pbagora.s3.amazonaws.com\/2023\/11\/18224425\/mppb-1.jpg\" class=\"attachment-large size-large wp-post-image\" alt=\"\" loading=\"lazy\"><\/p>\n<p>Uma inspe\u00e7\u00e3o do Minist\u00e9rio P\u00fablico da Para\u00edba (MPPB), realizada ontem (14), resultou no resgate de trinta e oito\u2026<\/p>\n","protected":false},"author":123457,"featured_media":0,"comment_status":"closed","ping_status":"closed","sticky":false,"template":"","format":"standard","meta":{"advgb_blocks_editor_width":"","advgb_blocks_columns_visual_guide":"","footnotes":""},"categories":[34],"tags":[35,10839,10848],"class_list":["post-49812","post","type-post","status-publish","format-standard","hentry","category-g1","tag-g1","tag-policial","tag-rodape-01"],"author_meta":{"display_name":"Reda\u00e7\u00e3o","author_link":"https:\/\/sindaopcpb.org.br\/author\/redacao\/"},"featured_img":null,"coauthors":[],"tax_additional":{"categories":{"linked":["<a href=\"https:\/\/sindaopcpb.org.br\/g1\/\" class=\"advgb-post-tax-term\">G1<\/a>"],"unlinked":["<span class=\"advgb-post-tax-term\">G1<\/span>"]},"tags":{"linked":["<a href=\"https:\/\/sindaopcpb.org.br\/g1\/\" class=\"advgb-post-tax-term\">g1<\/a>","<a href=\"https:\/\/sindaopcpb.org.br\/g1\/\" class=\"advgb-post-tax-term\">Policial<\/a>","<a href=\"https:\/\/sindaopcpb.org.br\/g1\/\" class=\"advgb-post-tax-term\">Rodape 01<\/a>"],"unlinked":["<span class=\"advgb-post-tax-term\">g1<\/span>","<span class=\"advgb-post-tax-term\">Policial<\/span>","<span class=\"advgb-post-tax-term\">Rodape 01<\/span>"]}},"comment_count":"0","relative_dates":{"created":"Publicado 2 anos atr\u00e1s","modified":"Atualizado 2 anos atr\u00e1s"},"absolute_dates":{"created":"Publicado em 15 de agosto de 2024","modified":"Atualizado em 15 de agosto de 2024"},"absolute_dates_time":{"created":"Publicado em 15 de agosto de 2024 07:00","modified":"Atualizado em 15 de agosto de 2024 09:00"},"featured_img_caption":"","series_order":"","_links":{"self":[{"href":"https:\/\/sindaopcpb.org.br\/index.php\/wp-json\/wp\/v2\/posts\/49812","targetHints":{"allow":["GET"]}}],"collection":[{"href":"https:\/\/sindaopcpb.org.br\/index.php\/wp-json\/wp\/v2\/posts"}],"about":[{"href":"https:\/\/sindaopcpb.org.br\/index.php\/wp-json\/wp\/v2\/types\/post"}],"author":[{"embeddable":true,"href":"https:\/\/sindaopcpb.org.br\/index.php\/wp-json\/wp\/v2\/users\/123457"}],"replies":[{"embeddable":true,"href":"https:\/\/sindaopcpb.org.br\/index.php\/wp-json\/wp\/v2\/comments?post=49812"}],"version-history":[{"count":3,"href":"https:\/\/sindaopcpb.org.br\/index.php\/wp-json\/wp\/v2\/posts\/49812\/revisions"}],"predecessor-version":[{"id":49825,"href":"https:\/\/sindaopcpb.org.br\/index.php\/wp-json\/wp\/v2\/posts\/49812\/revisions\/49825"}],"wp:attachment":[{"href":"https:\/\/sindaopcpb.org.br\/index.php\/wp-json\/wp\/v2\/media?parent=49812"}],"wp:term":[{"taxonomy":"category","embeddable":true,"href":"https:\/\/sindaopcpb.org.br\/index.php\/wp-json\/wp\/v2\/categories?post=49812"},{"taxonomy":"post_tag","embeddable":true,"href":"https:\/\/sindaopcpb.org.br\/index.php\/wp-json\/wp\/v2\/tags?post=49812"}],"curies":[{"name":"wp","href":"https:\/\/api.w.org\/{rel}","templated":true}]}}