{"id":49808,"date":"2024-08-15T06:49:59","date_gmt":"2024-08-15T09:49:59","guid":{"rendered":"https:\/\/www.pbagora.com.br\/?p=850451"},"modified":"2024-08-15T09:15:59","modified_gmt":"2024-08-15T12:15:59","slug":"comarca-de-cajazeiras-remarca-juri-apos-pai-de-acusados-ser-morto-a-tiros-em-frente-a-forum","status":"publish","type":"post","link":"https:\/\/sindaopcpb.org.br\/index.php\/2024\/08\/15\/comarca-de-cajazeiras-remarca-juri-apos-pai-de-acusados-ser-morto-a-tiros-em-frente-a-forum\/","title":{"rendered":"Comarca de Cajazeiras, remarca j\u00fari ap\u00f3s pai de acusados ser morto a tiros em frente a f\u00f3rum"},"content":{"rendered":"<p><img width=\"916\" height=\"414\" src=\"https:\/\/pbagora.s3.amazonaws.com\/2024\/08\/15064952\/Sem-titulo-14.jpg\" class=\"attachment-large size-large wp-post-image\" alt=\"\" style=\"margin-bottom: 20px;\" decoding=\"async\" loading=\"lazy\" srcset=\"https:\/\/pbagora.s3.amazonaws.com\/2024\/08\/15064952\/Sem-titulo-14.jpg 916w, https:\/\/pbagora.s3.amazonaws.com\/2024\/08\/15064952\/Sem-titulo-14-300x136.jpg 300w, https:\/\/pbagora.s3.amazonaws.com\/2024\/08\/15064952\/Sem-titulo-14-150x68.jpg 150w, https:\/\/pbagora.s3.amazonaws.com\/2024\/08\/15064952\/Sem-titulo-14-768x347.jpg 768w, https:\/\/pbagora.s3.amazonaws.com\/2024\/08\/15064952\/Sem-titulo-14-380x172.jpg 380w, https:\/\/pbagora.s3.amazonaws.com\/2024\/08\/15064952\/Sem-titulo-14-800x362.jpg 800w, https:\/\/pbagora.s3.amazonaws.com\/2024\/08\/15064952\/Sem-titulo-14-80x36.jpg 80w, https:\/\/pbagora.s3.amazonaws.com\/2024\/08\/15064952\/Sem-titulo-14-760x343.jpg 760w, https:\/\/pbagora.s3.amazonaws.com\/2024\/08\/15064952\/Sem-titulo-14-600x271.jpg 600w\" sizes=\"(max-width: 916px) 100vw, 916px\" \/><\/p><p>Em decis\u00e3o nesta quinta-feira (15), a Comarca de Cajazeiras, localizada a 472 km de Jo\u00e3o Pessoa, julgar\u00e1 por meio de um J\u00fari Popular os irm\u00e3os Jucemar Crist\u00f3v\u00e3o da Silva e Jos\u00e9 da Silva Crist\u00f3v\u00e3o, acusados do homic\u00eddio qualificado de Jos\u00e9 Carlos Marcelino, ocorrido em 2016. O j\u00fari ser\u00e1 presidido pelo juiz da 1\u00aa Vara Mista de Cajazeiras, Mac\u00e1rio Oliveira J\u00fanior.<\/p>\n<p>Segundo membros da comarca, o julgamento dos r\u00e9us estava inicialmente marcado para o dia 13 de abril deste ano. No entanto, a sess\u00e3o foi cancelada ap\u00f3s um incidente grave: o pai dos acusados foi alvejado por disparos de arma de fogo em frente ao F\u00f3rum local, morrendo em decorr\u00eancia dos ferimentos. O epis\u00f3dio provocou intensa como\u00e7\u00e3o social, levando ao adiamento do j\u00fari.<\/p>\n<p>O caso em quest\u00e3o j\u00e1 passou por um julgamento anterior, em 25 de abril de 2018, quando os r\u00e9us foram absolvidos. Insatisfeito com a decis\u00e3o, o Minist\u00e9rio P\u00fablico da Para\u00edba (MPPB) recorreu, argumentando que o veredito foi dissociado das provas apresentadas nos autos. Em resposta, o Tribunal de Justi\u00e7a da Para\u00edba (TJPB) determinou a realiza\u00e7\u00e3o de um novo julgamento, que ser\u00e1 conduzido pelo Tribunal do J\u00fari de Cajazeiras nesta quinta-feira.<\/p>\n<p>Reda\u00e7\u00e3o<\/p>\n","protected":false},"excerpt":{"rendered":"<p><img loading=\"lazy\" decoding=\"async\" width=\"916\" height=\"414\" src=\"https:\/\/pbagora.s3.amazonaws.com\/2024\/08\/15064952\/Sem-titulo-14.jpg\" class=\"attachment-large size-large wp-post-image\" alt=\"\"><\/p>\n<p>Em decis\u00e3o nesta quinta-feira (15), a Comarca de Cajazeiras, localizada a 472 km de Jo\u00e3o Pessoa, julgar\u00e1 por\u2026<\/p>\n","protected":false},"author":123457,"featured_media":0,"comment_status":"closed","ping_status":"closed","sticky":false,"template":"","format":"standard","meta":{"advgb_blocks_editor_width":"","advgb_blocks_columns_visual_guide":"","footnotes":""},"categories":[34],"tags":[10841,35,10839],"class_list":["post-49808","post","type-post","status-publish","format-standard","hentry","category-g1","tag-destaque-centro-02","tag-g1","tag-policial"],"author_meta":{"display_name":"Reda\u00e7\u00e3o","author_link":"https:\/\/sindaopcpb.org.br\/author\/redacao\/"},"featured_img":null,"coauthors":[],"tax_additional":{"categories":{"linked":["<a href=\"https:\/\/sindaopcpb.org.br\/g1\/\" class=\"advgb-post-tax-term\">G1<\/a>"],"unlinked":["<span class=\"advgb-post-tax-term\">G1<\/span>"]},"tags":{"linked":["<a href=\"https:\/\/sindaopcpb.org.br\/g1\/\" class=\"advgb-post-tax-term\">Destaque Centro 02<\/a>","<a href=\"https:\/\/sindaopcpb.org.br\/g1\/\" class=\"advgb-post-tax-term\">g1<\/a>","<a href=\"https:\/\/sindaopcpb.org.br\/g1\/\" class=\"advgb-post-tax-term\">Policial<\/a>"],"unlinked":["<span class=\"advgb-post-tax-term\">Destaque Centro 02<\/span>","<span class=\"advgb-post-tax-term\">g1<\/span>","<span class=\"advgb-post-tax-term\">Policial<\/span>"]}},"comment_count":"0","relative_dates":{"created":"Publicado 2 anos atr\u00e1s","modified":"Atualizado 2 anos atr\u00e1s"},"absolute_dates":{"created":"Publicado em 15 de agosto de 2024","modified":"Atualizado em 15 de agosto de 2024"},"absolute_dates_time":{"created":"Publicado em 15 de agosto de 2024 06:49","modified":"Atualizado em 15 de agosto de 2024 09:15"},"featured_img_caption":"","series_order":"","_links":{"self":[{"href":"https:\/\/sindaopcpb.org.br\/index.php\/wp-json\/wp\/v2\/posts\/49808","targetHints":{"allow":["GET"]}}],"collection":[{"href":"https:\/\/sindaopcpb.org.br\/index.php\/wp-json\/wp\/v2\/posts"}],"about":[{"href":"https:\/\/sindaopcpb.org.br\/index.php\/wp-json\/wp\/v2\/types\/post"}],"author":[{"embeddable":true,"href":"https:\/\/sindaopcpb.org.br\/index.php\/wp-json\/wp\/v2\/users\/123457"}],"replies":[{"embeddable":true,"href":"https:\/\/sindaopcpb.org.br\/index.php\/wp-json\/wp\/v2\/comments?post=49808"}],"version-history":[{"count":4,"href":"https:\/\/sindaopcpb.org.br\/index.php\/wp-json\/wp\/v2\/posts\/49808\/revisions"}],"predecessor-version":[{"id":49822,"href":"https:\/\/sindaopcpb.org.br\/index.php\/wp-json\/wp\/v2\/posts\/49808\/revisions\/49822"}],"wp:attachment":[{"href":"https:\/\/sindaopcpb.org.br\/index.php\/wp-json\/wp\/v2\/media?parent=49808"}],"wp:term":[{"taxonomy":"category","embeddable":true,"href":"https:\/\/sindaopcpb.org.br\/index.php\/wp-json\/wp\/v2\/categories?post=49808"},{"taxonomy":"post_tag","embeddable":true,"href":"https:\/\/sindaopcpb.org.br\/index.php\/wp-json\/wp\/v2\/tags?post=49808"}],"curies":[{"name":"wp","href":"https:\/\/api.w.org\/{rel}","templated":true}]}}