{"id":49781,"date":"2024-08-14T06:10:50","date_gmt":"2024-08-14T09:10:50","guid":{"rendered":"https:\/\/www.pbagora.com.br\/?p=850242"},"modified":"2024-08-14T09:10:50","modified_gmt":"2024-08-14T12:10:50","slug":"sai-convocacao-dos-aprovados-para-o-curso-de-formacao-dos-bombeiros-na-pb","status":"publish","type":"post","link":"https:\/\/sindaopcpb.org.br\/index.php\/2024\/08\/14\/sai-convocacao-dos-aprovados-para-o-curso-de-formacao-dos-bombeiros-na-pb\/","title":{"rendered":"Sai convoca\u00e7\u00e3o dos aprovados para o Curso de Forma\u00e7\u00e3o dos Bombeiros na PB"},"content":{"rendered":"<p><img width=\"687\" height=\"463\" src=\"https:\/\/pbagora.s3.amazonaws.com\/2022\/05\/30060627\/csm_Bombeiros_Militares_Paraiba__Foto_Divulgacao_Governo_da_Paraiba_4924ab1261.jpeg\" class=\"attachment-large size-large wp-post-image\" alt=\"\" style=\"margin-bottom: 20px;\" decoding=\"async\" loading=\"lazy\" srcset=\"https:\/\/pbagora.s3.amazonaws.com\/2022\/05\/30060627\/csm_Bombeiros_Militares_Paraiba__Foto_Divulgacao_Governo_da_Paraiba_4924ab1261.jpeg 687w, https:\/\/pbagora.s3.amazonaws.com\/2022\/05\/30060627\/csm_Bombeiros_Militares_Paraiba__Foto_Divulgacao_Governo_da_Paraiba_4924ab1261-300x202.jpeg 300w, https:\/\/pbagora.s3.amazonaws.com\/2022\/05\/30060627\/csm_Bombeiros_Militares_Paraiba__Foto_Divulgacao_Governo_da_Paraiba_4924ab1261-150x101.jpeg 150w, https:\/\/pbagora.s3.amazonaws.com\/2022\/05\/30060627\/csm_Bombeiros_Militares_Paraiba__Foto_Divulgacao_Governo_da_Paraiba_4924ab1261-380x256.jpeg 380w, https:\/\/pbagora.s3.amazonaws.com\/2022\/05\/30060627\/csm_Bombeiros_Militares_Paraiba__Foto_Divulgacao_Governo_da_Paraiba_4924ab1261-80x54.jpeg 80w, https:\/\/pbagora.s3.amazonaws.com\/2022\/05\/30060627\/csm_Bombeiros_Militares_Paraiba__Foto_Divulgacao_Governo_da_Paraiba_4924ab1261-600x404.jpeg 600w\" sizes=\"(max-width: 687px) 100vw, 687px\" \/><\/p><p>O Di\u00e1rio Oficial do Estado da Para\u00edba de hoje (14) de agosto de 2024, trouxe a Portaria que convoca os candidatos aprovados na an\u00e1lise documental para a pr\u00f3xima etapa do Curso de Forma\u00e7\u00e3o de Soldados. A medida foi assinada pelo Comandante-Geral do Corpo de Bombeiros Militar da Para\u00edba, coronel Marcelo Augusto de Ara\u00fajo Bezerra.<\/p>\n<p>Segundo a portaria, os candidatos devem se apresentar no Quartel do Comando Geral do Corpo de Bombeiros Militar da Para\u00edba, localizado na BR-230, km-29, n\u00ba 525, Jardim Veneza, em Jo\u00e3o Pessoa, na pr\u00f3xima segunda-feira, dia 19 de agosto, \u00e0s 7h30. A apresenta\u00e7\u00e3o \u00e9 obrigat\u00f3ria para assegurar a matr\u00edcula no curso.<\/p>\n<p>A convoca\u00e7\u00e3o determina ainda que o edital, sendo parte essencial do processo de forma\u00e7\u00e3o dos novos soldados. A publica\u00e7\u00e3o, segundo o comandante, refor\u00e7a o compromisso do Corpo de Bombeiros Militar da Para\u00edba com a transpar\u00eancia e a legalidade no processo de sele\u00e7\u00e3o e forma\u00e7\u00e3o de seus futuros militares.<\/p>\n<p>Confira a lista no Di\u00e1rio Oficial do Estado da Para\u00edba:<a href=\"https:\/\/pbagora.s3.amazonaws.com\/2024\/08\/14055339\/diario-oficial-14-08-2024-portal.pdf\">diario-oficial-14-08-2024-portal<\/a><\/p>\n<p>Reda\u00e7\u00e3o<\/p>\n","protected":false},"excerpt":{"rendered":"<p><img decoding=\"async\" width=\"687\" height=\"463\" src=\"https:\/\/pbagora.s3.amazonaws.com\/2022\/05\/30060627\/csm_Bombeiros_Militares_Paraiba__Foto_Divulgacao_Governo_da_Paraiba_4924ab1261.jpeg\" class=\"attachment-large size-large wp-post-image\" alt=\"\" loading=\"lazy\"><\/p>\n<p>O Di\u00e1rio Oficial do Estado da Para\u00edba de hoje (14) de agosto de 2024, trouxe a Portaria que\u2026<\/p>\n","protected":false},"author":123457,"featured_media":0,"comment_status":"closed","ping_status":"closed","sticky":false,"template":"","format":"standard","meta":{"advgb_blocks_editor_width":"","advgb_blocks_columns_visual_guide":"","footnotes":""},"categories":[34],"tags":[35,10839,10846],"class_list":["post-49781","post","type-post","status-publish","format-standard","hentry","category-g1","tag-g1","tag-policial","tag-rodape-02"],"author_meta":{"display_name":"Reda\u00e7\u00e3o","author_link":"https:\/\/sindaopcpb.org.br\/author\/redacao\/"},"featured_img":null,"coauthors":[],"tax_additional":{"categories":{"linked":["<a href=\"https:\/\/sindaopcpb.org.br\/g1\/\" class=\"advgb-post-tax-term\">G1<\/a>"],"unlinked":["<span class=\"advgb-post-tax-term\">G1<\/span>"]},"tags":{"linked":["<a href=\"https:\/\/sindaopcpb.org.br\/g1\/\" class=\"advgb-post-tax-term\">g1<\/a>","<a href=\"https:\/\/sindaopcpb.org.br\/g1\/\" class=\"advgb-post-tax-term\">Policial<\/a>","<a href=\"https:\/\/sindaopcpb.org.br\/g1\/\" class=\"advgb-post-tax-term\">Rodape 02<\/a>"],"unlinked":["<span class=\"advgb-post-tax-term\">g1<\/span>","<span class=\"advgb-post-tax-term\">Policial<\/span>","<span class=\"advgb-post-tax-term\">Rodape 02<\/span>"]}},"comment_count":"0","relative_dates":{"created":"Publicado 2 anos atr\u00e1s","modified":"Atualizado 2 anos atr\u00e1s"},"absolute_dates":{"created":"Publicado em 14 de agosto de 2024","modified":"Atualizado em 14 de agosto de 2024"},"absolute_dates_time":{"created":"Publicado em 14 de agosto de 2024 06:10","modified":"Atualizado em 14 de agosto de 2024 09:10"},"featured_img_caption":"","series_order":"","_links":{"self":[{"href":"https:\/\/sindaopcpb.org.br\/index.php\/wp-json\/wp\/v2\/posts\/49781","targetHints":{"allow":["GET"]}}],"collection":[{"href":"https:\/\/sindaopcpb.org.br\/index.php\/wp-json\/wp\/v2\/posts"}],"about":[{"href":"https:\/\/sindaopcpb.org.br\/index.php\/wp-json\/wp\/v2\/types\/post"}],"author":[{"embeddable":true,"href":"https:\/\/sindaopcpb.org.br\/index.php\/wp-json\/wp\/v2\/users\/123457"}],"replies":[{"embeddable":true,"href":"https:\/\/sindaopcpb.org.br\/index.php\/wp-json\/wp\/v2\/comments?post=49781"}],"version-history":[{"count":3,"href":"https:\/\/sindaopcpb.org.br\/index.php\/wp-json\/wp\/v2\/posts\/49781\/revisions"}],"predecessor-version":[{"id":49795,"href":"https:\/\/sindaopcpb.org.br\/index.php\/wp-json\/wp\/v2\/posts\/49781\/revisions\/49795"}],"wp:attachment":[{"href":"https:\/\/sindaopcpb.org.br\/index.php\/wp-json\/wp\/v2\/media?parent=49781"}],"wp:term":[{"taxonomy":"category","embeddable":true,"href":"https:\/\/sindaopcpb.org.br\/index.php\/wp-json\/wp\/v2\/categories?post=49781"},{"taxonomy":"post_tag","embeddable":true,"href":"https:\/\/sindaopcpb.org.br\/index.php\/wp-json\/wp\/v2\/tags?post=49781"}],"curies":[{"name":"wp","href":"https:\/\/api.w.org\/{rel}","templated":true}]}}