{"id":49770,"date":"2024-08-13T15:27:31","date_gmt":"2024-08-13T18:27:31","guid":{"rendered":"https:\/\/www.pbagora.com.br\/?p=850148"},"modified":"2024-08-13T15:27:31","modified_gmt":"2024-08-13T18:27:31","slug":"jovem-e-morto-a-tiros-em-caapora-dois-amigos-da-vitima-estao-desaparecidos","status":"publish","type":"post","link":"https:\/\/sindaopcpb.org.br\/index.php\/2024\/08\/13\/jovem-e-morto-a-tiros-em-caapora-dois-amigos-da-vitima-estao-desaparecidos\/","title":{"rendered":"Jovem \u00e9 morto a tiros em Caapor\u00e3; dois amigos da v\u00edtima est\u00e3o desaparecidos"},"content":{"rendered":"<p><img width=\"876\" height=\"585\" src=\"https:\/\/pbagora.s3.amazonaws.com\/2023\/06\/08094436\/policia_militar_e_numol_-_ipc.jpg\" class=\"attachment-large size-large wp-post-image\" alt=\"\" style=\"margin-bottom: 20px;\" decoding=\"async\" loading=\"lazy\" srcset=\"https:\/\/pbagora.s3.amazonaws.com\/2023\/06\/08094436\/policia_militar_e_numol_-_ipc.jpg 876w, https:\/\/pbagora.s3.amazonaws.com\/2023\/06\/08094436\/policia_militar_e_numol_-_ipc-300x200.jpg 300w, https:\/\/pbagora.s3.amazonaws.com\/2023\/06\/08094436\/policia_militar_e_numol_-_ipc-150x100.jpg 150w, https:\/\/pbagora.s3.amazonaws.com\/2023\/06\/08094436\/policia_militar_e_numol_-_ipc-768x513.jpg 768w, https:\/\/pbagora.s3.amazonaws.com\/2023\/06\/08094436\/policia_militar_e_numol_-_ipc-380x254.jpg 380w, https:\/\/pbagora.s3.amazonaws.com\/2023\/06\/08094436\/policia_militar_e_numol_-_ipc-800x534.jpg 800w, https:\/\/pbagora.s3.amazonaws.com\/2023\/06\/08094436\/policia_militar_e_numol_-_ipc-80x53.jpg 80w, https:\/\/pbagora.s3.amazonaws.com\/2023\/06\/08094436\/policia_militar_e_numol_-_ipc-760x508.jpg 760w, https:\/\/pbagora.s3.amazonaws.com\/2023\/06\/08094436\/policia_militar_e_numol_-_ipc-600x401.jpg 600w\" sizes=\"(max-width: 876px) 100vw, 876px\" \/><\/p><p>Na noite dessa segunda-feira (12), um jovem foi assassinado a tiros em frente \u00e0 sua resid\u00eancia em Caapor\u00e3, no Litoral Sul da Para\u00edba.<\/p>\n<p>De acordo com as informa\u00e7\u00f5es a v\u00edtima foi identificada como Cristyan Virg\u00ednio dos Santos, mais conhecido como Peba e que era alvo de investiga\u00e7\u00e3o por suposto envolvimento com o tr\u00e1fico de drogas.<\/p>\n<p>Ele foi surpreendido pelos criminosos que o alvejaram em frente \u00e0 sua casa.<\/p>\n<p>Al\u00e9m do homic\u00eddio, a Pol\u00edcia Civil informou que dois amigos de Cristyan est\u00e3o desaparecidos.<\/p>\n<p>&nbsp;<\/p>\n<p><em><strong>PB Agora<\/strong><\/em><\/p>\n","protected":false},"excerpt":{"rendered":"<p><img loading=\"lazy\" decoding=\"async\" width=\"876\" height=\"585\" src=\"https:\/\/pbagora.s3.amazonaws.com\/2023\/06\/08094436\/policia_militar_e_numol_-_ipc.jpg\" class=\"attachment-large size-large wp-post-image\" alt=\"\"><\/p>\n<p>Na noite dessa segunda-feira (12), um jovem foi assassinado a tiros em frente \u00e0 sua resid\u00eancia em Caapor\u00e3,\u2026<\/p>\n","protected":false},"author":123457,"featured_media":0,"comment_status":"closed","ping_status":"closed","sticky":false,"template":"","format":"standard","meta":{"advgb_blocks_editor_width":"","advgb_blocks_columns_visual_guide":"","footnotes":""},"categories":[34],"tags":[35,10839,10842],"class_list":["post-49770","post","type-post","status-publish","format-standard","hentry","category-g1","tag-g1","tag-policial","tag-principal3"],"author_meta":{"display_name":"Reda\u00e7\u00e3o","author_link":"https:\/\/sindaopcpb.org.br\/author\/redacao\/"},"featured_img":null,"coauthors":[],"tax_additional":{"categories":{"linked":["<a href=\"https:\/\/sindaopcpb.org.br\/g1\/\" class=\"advgb-post-tax-term\">G1<\/a>"],"unlinked":["<span class=\"advgb-post-tax-term\">G1<\/span>"]},"tags":{"linked":["<a href=\"https:\/\/sindaopcpb.org.br\/g1\/\" class=\"advgb-post-tax-term\">g1<\/a>","<a href=\"https:\/\/sindaopcpb.org.br\/g1\/\" class=\"advgb-post-tax-term\">Policial<\/a>","<a href=\"https:\/\/sindaopcpb.org.br\/g1\/\" class=\"advgb-post-tax-term\">Principal3<\/a>"],"unlinked":["<span class=\"advgb-post-tax-term\">g1<\/span>","<span class=\"advgb-post-tax-term\">Policial<\/span>","<span class=\"advgb-post-tax-term\">Principal3<\/span>"]}},"comment_count":"0","relative_dates":{"created":"Publicado 2 anos atr\u00e1s","modified":"Atualizado 2 anos atr\u00e1s"},"absolute_dates":{"created":"Publicado em 13 de agosto de 2024","modified":"Atualizado em 13 de agosto de 2024"},"absolute_dates_time":{"created":"Publicado em 13 de agosto de 2024 15:27","modified":"Atualizado em 13 de agosto de 2024 15:27"},"featured_img_caption":"","series_order":"","_links":{"self":[{"href":"https:\/\/sindaopcpb.org.br\/index.php\/wp-json\/wp\/v2\/posts\/49770","targetHints":{"allow":["GET"]}}],"collection":[{"href":"https:\/\/sindaopcpb.org.br\/index.php\/wp-json\/wp\/v2\/posts"}],"about":[{"href":"https:\/\/sindaopcpb.org.br\/index.php\/wp-json\/wp\/v2\/types\/post"}],"author":[{"embeddable":true,"href":"https:\/\/sindaopcpb.org.br\/index.php\/wp-json\/wp\/v2\/users\/123457"}],"replies":[{"embeddable":true,"href":"https:\/\/sindaopcpb.org.br\/index.php\/wp-json\/wp\/v2\/comments?post=49770"}],"version-history":[{"count":2,"href":"https:\/\/sindaopcpb.org.br\/index.php\/wp-json\/wp\/v2\/posts\/49770\/revisions"}],"predecessor-version":[{"id":49778,"href":"https:\/\/sindaopcpb.org.br\/index.php\/wp-json\/wp\/v2\/posts\/49770\/revisions\/49778"}],"wp:attachment":[{"href":"https:\/\/sindaopcpb.org.br\/index.php\/wp-json\/wp\/v2\/media?parent=49770"}],"wp:term":[{"taxonomy":"category","embeddable":true,"href":"https:\/\/sindaopcpb.org.br\/index.php\/wp-json\/wp\/v2\/categories?post=49770"},{"taxonomy":"post_tag","embeddable":true,"href":"https:\/\/sindaopcpb.org.br\/index.php\/wp-json\/wp\/v2\/tags?post=49770"}],"curies":[{"name":"wp","href":"https:\/\/api.w.org\/{rel}","templated":true}]}}