{"id":4976,"date":"2022-10-12T19:18:21","date_gmt":"2022-10-12T22:18:21","guid":{"rendered":"https:\/\/g1.globo.com\/pb\/paraiba\/eleicoes\/2022\/noticia\/2022\/10\/12\/pedro-cunha-lima-comenta-adesoes-que-sua-campanha-vem-recebendo-durante-agenda-em-joao-pessoa.ghtml"},"modified":"2022-10-12T19:18:21","modified_gmt":"2022-10-12T22:18:21","slug":"pedro-cunha-lima-comenta-adesoes-que-sua-campanha-vem-recebendo-durante-agenda-em-joao-pessoa","status":"publish","type":"post","link":"https:\/\/sindaopcpb.org.br\/index.php\/2022\/10\/12\/pedro-cunha-lima-comenta-adesoes-que-sua-campanha-vem-recebendo-durante-agenda-em-joao-pessoa\/","title":{"rendered":"Pedro Cunha Lima comenta ades\u00f5es que sua campanha vem recebendo durante agenda em Jo\u00e3o Pessoa"},"content":{"rendered":"   <img src=\"https:\/\/s2.glbimg.com\/D-lPuEnmbgY_9JkgUq1QHdzvRqU=\/i.s3.glbimg.com\/v1\/AUTH_59edd422c0c84a879bd37670ae4f538a\/internal_photos\/bs\/2022\/M\/d\/XQZpfXR9ifGMUCCOtlHg\/pedro-cunha-lima-1110.jpg\" \/><br \/>   Declara\u00e7\u00f5es foram feitas \u00e0 TV Cabo Branco nesta quarta-feira (12). Pedro Cunha Lima (PSDB) participou de sabatina com representantes do setor produtivo, em Jo\u00e3o Pessoa\nReprodu\u00e7\u00e3o\/TV Cabo Branco\nO candidato do PSDB ao Governo da Para\u00edba, Pedro Cunha Lima, cumpriu agenda em Jo\u00e3o Pessoa nesta quarta-feira (12). Ele esteve em uma sabatina com empres\u00e1rios integrantes do conselho dos presidentes de entidades do setor produtivo da Para\u00edba. \nNa ocasi\u00e3o, Pedro Cunha Lima conversou com a reportagem da TV Cabo Branco sobre as ades\u00f5es que sua campanha vem recebendo. \n\"Tenho um foco muito claro na nossa caminhada que \u00e9 defender a Para\u00edba. Colocar a paraiba acima de qualquer disputa nacional e no centro da discuss\u00e3o. O universo pol\u00edtico compreende essa mensagem e passa a aderir a esse projeto. A gente agradece de todo cora\u00e7\u00e3o a cada soma que chega, novas ades\u00f5es vir\u00e3o\", comentou. \nDurante a sabatina com representantes do setor produtivo do estado, o candidato do PSB se comprometeu a estimular empreendimentos e fortalecer esse campo. \n\"Eu quero muito mais ouvir de que maneira a gente pode ter essa aproxima\u00e7\u00e3o para poder fazer um governo que tenha uma participa\u00e7\u00e3o muito efetiva do setor produtuivo de novo. Na condi\u00e7\u00e3o de governante, o que eu vou querer a todo instante \u00e9 estimular os empreendimentos, estimular o setor produtivo, atrapalhar o m\u00ednimo poss\u00edvel e encontrar caminhos pra ajudar sempre que poss\u00edvel tamb\u00e9m, diminuindo burocracia, dando competitividade, enfim, o conselho de desenvolvimento econ\u00f4mico vai ser  fundamental pra gente cumprir esse papel\", disse. \nA TV Cabo Branco e o g1 v\u00e3o acompanhar diariamente os compromissos de campanha dos dois candidatos que disputam o 2\u00ba turno do governo da Para\u00edba.\nV\u00eddeos mais assistidos do g1 Para\u00edba ","protected":false},"excerpt":{"rendered":"<p>      Declara\u00e7\u00f5es foram feitas \u00e0 TV Cabo Branco nesta quarta-feira (12). Pedro Cunha Lima (PSDB) participou de sabatina com representantes do setor produtivo, em Jo\u00e3o Pessoa<br \/>\nReprodu\u00e7\u00e3o\/TV Cabo Branco<br \/>\nO candidato do PSDB ao Governo da Para\u00edba, Pedro Cun&#8230;<\/p>\n","protected":false},"author":2,"featured_media":0,"comment_status":"closed","ping_status":"closed","sticky":false,"template":"","format":"standard","meta":{"advgb_blocks_editor_width":"","advgb_blocks_columns_visual_guide":"","footnotes":""},"categories":[34],"tags":[35],"class_list":["post-4976","post","type-post","status-publish","format-standard","hentry","category-g1","tag-g1"],"author_meta":{"display_name":"g1 &gt; Para\u00edba","author_link":"https:\/\/sindaopcpb.org.br\/author\/g1-paraiba\/"},"featured_img":null,"coauthors":[],"tax_additional":{"categories":{"linked":["<a href=\"https:\/\/sindaopcpb.org.br\/g1\/\" class=\"advgb-post-tax-term\">G1<\/a>"],"unlinked":["<span class=\"advgb-post-tax-term\">G1<\/span>"]},"tags":{"linked":["<a href=\"https:\/\/sindaopcpb.org.br\/g1\/\" class=\"advgb-post-tax-term\">g1<\/a>"],"unlinked":["<span class=\"advgb-post-tax-term\">g1<\/span>"]}},"comment_count":"0","relative_dates":{"created":"Publicado 4 anos atr\u00e1s","modified":"Atualizado 4 anos atr\u00e1s"},"absolute_dates":{"created":"Publicado em 12 de outubro de 2022","modified":"Atualizado em 12 de outubro de 2022"},"absolute_dates_time":{"created":"Publicado em 12 de outubro de 2022 19:18","modified":"Atualizado em 12 de outubro de 2022 19:18"},"featured_img_caption":"","series_order":"","_links":{"self":[{"href":"https:\/\/sindaopcpb.org.br\/index.php\/wp-json\/wp\/v2\/posts\/4976","targetHints":{"allow":["GET"]}}],"collection":[{"href":"https:\/\/sindaopcpb.org.br\/index.php\/wp-json\/wp\/v2\/posts"}],"about":[{"href":"https:\/\/sindaopcpb.org.br\/index.php\/wp-json\/wp\/v2\/types\/post"}],"author":[{"embeddable":true,"href":"https:\/\/sindaopcpb.org.br\/index.php\/wp-json\/wp\/v2\/users\/2"}],"replies":[{"embeddable":true,"href":"https:\/\/sindaopcpb.org.br\/index.php\/wp-json\/wp\/v2\/comments?post=4976"}],"version-history":[{"count":2,"href":"https:\/\/sindaopcpb.org.br\/index.php\/wp-json\/wp\/v2\/posts\/4976\/revisions"}],"predecessor-version":[{"id":5029,"href":"https:\/\/sindaopcpb.org.br\/index.php\/wp-json\/wp\/v2\/posts\/4976\/revisions\/5029"}],"wp:attachment":[{"href":"https:\/\/sindaopcpb.org.br\/index.php\/wp-json\/wp\/v2\/media?parent=4976"}],"wp:term":[{"taxonomy":"category","embeddable":true,"href":"https:\/\/sindaopcpb.org.br\/index.php\/wp-json\/wp\/v2\/categories?post=4976"},{"taxonomy":"post_tag","embeddable":true,"href":"https:\/\/sindaopcpb.org.br\/index.php\/wp-json\/wp\/v2\/tags?post=4976"}],"curies":[{"name":"wp","href":"https:\/\/api.w.org\/{rel}","templated":true}]}}