{"id":49742,"date":"2024-08-12T19:03:14","date_gmt":"2024-08-12T22:03:14","guid":{"rendered":"https:\/\/www.pbagora.com.br\/?p=849970"},"modified":"2024-08-12T19:03:14","modified_gmt":"2024-08-12T22:03:14","slug":"morre-aos-96-anos-em-sao-paulo-ex-ministro-da-fazenda-delfim-netto-por-complicacoes-de-saude","status":"publish","type":"post","link":"https:\/\/sindaopcpb.org.br\/index.php\/2024\/08\/12\/morre-aos-96-anos-em-sao-paulo-ex-ministro-da-fazenda-delfim-netto-por-complicacoes-de-saude\/","title":{"rendered":"Morre aos 96 anos, em S\u00e3o Paulo, ex-ministro da Fazenda Delfim Netto por complica\u00e7\u00f5es de sa\u00fade"},"content":{"rendered":"<p><img width=\"1024\" height=\"613\" src=\"https:\/\/pbagora.s3.amazonaws.com\/2024\/08\/12153200\/imagea-1024x613.webp\" class=\"attachment-large size-large wp-post-image\" alt=\"\" style=\"margin-bottom: 20px;\" decoding=\"async\" loading=\"lazy\" srcset=\"https:\/\/pbagora.s3.amazonaws.com\/2024\/08\/12153200\/imagea-1024x613.webp 1024w, https:\/\/pbagora.s3.amazonaws.com\/2024\/08\/12153200\/imagea-300x179.webp 300w, https:\/\/pbagora.s3.amazonaws.com\/2024\/08\/12153200\/imagea-150x90.webp 150w, https:\/\/pbagora.s3.amazonaws.com\/2024\/08\/12153200\/imagea-768x459.webp 768w, https:\/\/pbagora.s3.amazonaws.com\/2024\/08\/12153200\/imagea-380x227.webp 380w, https:\/\/pbagora.s3.amazonaws.com\/2024\/08\/12153200\/imagea-800x479.webp 800w, https:\/\/pbagora.s3.amazonaws.com\/2024\/08\/12153200\/imagea-1160x694.webp 1160w, https:\/\/pbagora.s3.amazonaws.com\/2024\/08\/12153200\/imagea-80x48.webp 80w, https:\/\/pbagora.s3.amazonaws.com\/2024\/08\/12153200\/imagea-760x455.webp 760w, https:\/\/pbagora.s3.amazonaws.com\/2024\/08\/12153200\/imagea-600x359.webp 600w, https:\/\/pbagora.s3.amazonaws.com\/2024\/08\/12153200\/imagea.webp 1170w\" sizes=\"(max-width: 1024px) 100vw, 1024px\" \/><\/p><div class=\"post-item-wrap\">\n<p>O economista e ex-ministro Ant\u00f4nio Delfim Netto morreu nesta segunda-feira (12), aos 96 anos, em S\u00e3o Paulo. Desde o \u00faltimo dia 5, ele estava internado por complica\u00e7\u00f5es de sa\u00fade, no Hospital Israelita Albert Einstein, na capital paulista.<img  decoding=\"async\"  src=\"https:\/\/agenciabrasil.ebc.com.br\/ebc.png?id=1607537&amp;o=node\" ><img  decoding=\"async\"  src=\"https:\/\/agenciabrasil.ebc.com.br\/ebc.gif?id=1607537&amp;o=node\" ><\/p>\n<p>Em nota, a assessoria do economista informou que n\u00e3o haver\u00e1 vel\u00f3rio aberto e seu enterro ser\u00e1 restrito \u00e0 fam\u00edlia. Delfim Netto deixa filha e neto.<\/p>\n<p>Descendente de imigrante italianos, ele nasceu em S\u00e3o Paulo, em maio de 1928. Formou-se economista em 1951 pela Universidade de S\u00e3o Paulo (USP) e tornou-se catedr\u00e1tico em 1958. Fez carreira acad\u00eamica como professor titular de An\u00e1lise Macroecon\u00f4mica e recebeu o t\u00edtulo de professor em\u00e9rito pela Faculdade de Economia, Administra\u00e7\u00e3o e Contabilidade da Universidade de S\u00e3o Paulo (Fea-USP).<\/p>\n<p>Foi membro do Conselho Consultivo de Planejamento (Consplan) do governo Castelo Branco, em 1965. Tornou-se secret\u00e1rio de Fazenda no governo de S\u00e3o Paulo em 1966.<\/p>\n<p>Foi um dos signat\u00e1rios do Ato Institucional n\u00famero 5 (AI-5), em 13 de dezembro de 1968. O decreto \u00e9 considerado o mais duro ap\u00f3s o golpe militar de 1964, e foi institu\u00eddo durante o governo Costa e Silva, para suspender direitos e garantias individuais.<\/p>\n<p>Delfim Netto chegou a ministro da Fazenda em 1967, ainda no governo Costa e Silva, e ocupou o cargo at\u00e9 o governo M\u00e9dici, encerrado em 1974.<\/p>\n<p>Nos quatro anos seguintes, foi embaixador do Brasil na Fran\u00e7a e, em 1979, passou a integrar Conselho Monet\u00e1rio Nacional e comandou o Banco Central no governo Figueiredo.<\/p>\n<p>Delfim foi deputado federal na Constituinte de 1987 a 1991 pelo Partido Democr\u00e1tico Social, sucessor da Arena. Posteriormente, elegeu-se cinco vezes deputado federal pelo estado de S\u00e3o Paulo e permaneceu representante na C\u00e2mara at\u00e9 2007.<\/p>\n<\/div>\n<p><em><strong>Ag\u00eancia Brasil<\/strong><\/em><\/p>\n","protected":false},"excerpt":{"rendered":"<p><img decoding=\"async\" width=\"1024\" height=\"613\" src=\"https:\/\/pbagora.s3.amazonaws.com\/2024\/08\/12153200\/imagea-1024x613.webp\" class=\"attachment-large size-large wp-post-image\" alt=\"\" loading=\"lazy\"><\/p>\n<p>O economista e ex-ministro Ant\u00f4nio Delfim Netto morreu nesta segunda-feira (12), aos 96 anos, em S\u00e3o Paulo. Desde\u2026<\/p>\n","protected":false},"author":123458,"featured_media":0,"comment_status":"closed","ping_status":"closed","sticky":false,"template":"","format":"standard","meta":{"advgb_blocks_editor_width":"","advgb_blocks_columns_visual_guide":"","footnotes":""},"categories":[34],"tags":[35,10839],"class_list":["post-49742","post","type-post","status-publish","format-standard","hentry","category-g1","tag-g1","tag-policial"],"author_meta":{"display_name":"Feliphe Rojas","author_link":"https:\/\/sindaopcpb.org.br\/author\/feliphe-rojas\/"},"featured_img":null,"coauthors":[],"tax_additional":{"categories":{"linked":["<a href=\"https:\/\/sindaopcpb.org.br\/g1\/\" class=\"advgb-post-tax-term\">G1<\/a>"],"unlinked":["<span class=\"advgb-post-tax-term\">G1<\/span>"]},"tags":{"linked":["<a href=\"https:\/\/sindaopcpb.org.br\/g1\/\" class=\"advgb-post-tax-term\">g1<\/a>","<a href=\"https:\/\/sindaopcpb.org.br\/g1\/\" class=\"advgb-post-tax-term\">Policial<\/a>"],"unlinked":["<span class=\"advgb-post-tax-term\">g1<\/span>","<span class=\"advgb-post-tax-term\">Policial<\/span>"]}},"comment_count":"0","relative_dates":{"created":"Publicado 2 anos atr\u00e1s","modified":"Atualizado 2 anos atr\u00e1s"},"absolute_dates":{"created":"Publicado em 12 de agosto de 2024","modified":"Atualizado em 12 de agosto de 2024"},"absolute_dates_time":{"created":"Publicado em 12 de agosto de 2024 19:03","modified":"Atualizado em 12 de agosto de 2024 19:03"},"featured_img_caption":"","series_order":"","_links":{"self":[{"href":"https:\/\/sindaopcpb.org.br\/index.php\/wp-json\/wp\/v2\/posts\/49742","targetHints":{"allow":["GET"]}}],"collection":[{"href":"https:\/\/sindaopcpb.org.br\/index.php\/wp-json\/wp\/v2\/posts"}],"about":[{"href":"https:\/\/sindaopcpb.org.br\/index.php\/wp-json\/wp\/v2\/types\/post"}],"author":[{"embeddable":true,"href":"https:\/\/sindaopcpb.org.br\/index.php\/wp-json\/wp\/v2\/users\/123458"}],"replies":[{"embeddable":true,"href":"https:\/\/sindaopcpb.org.br\/index.php\/wp-json\/wp\/v2\/comments?post=49742"}],"version-history":[{"count":1,"href":"https:\/\/sindaopcpb.org.br\/index.php\/wp-json\/wp\/v2\/posts\/49742\/revisions"}],"predecessor-version":[{"id":49743,"href":"https:\/\/sindaopcpb.org.br\/index.php\/wp-json\/wp\/v2\/posts\/49742\/revisions\/49743"}],"wp:attachment":[{"href":"https:\/\/sindaopcpb.org.br\/index.php\/wp-json\/wp\/v2\/media?parent=49742"}],"wp:term":[{"taxonomy":"category","embeddable":true,"href":"https:\/\/sindaopcpb.org.br\/index.php\/wp-json\/wp\/v2\/categories?post=49742"},{"taxonomy":"post_tag","embeddable":true,"href":"https:\/\/sindaopcpb.org.br\/index.php\/wp-json\/wp\/v2\/tags?post=49742"}],"curies":[{"name":"wp","href":"https:\/\/api.w.org\/{rel}","templated":true}]}}