{"id":4974,"date":"2022-10-12T12:27:43","date_gmt":"2022-10-12T15:27:43","guid":{"rendered":"https:\/\/g1.globo.com\/rj\/rio-de-janeiro\/noticia\/2022\/10\/12\/ator-jose-dumont-deixa-a-cadeia-na-zona-norte-do-rio.ghtml"},"modified":"2022-10-12T12:27:43","modified_gmt":"2022-10-12T15:27:43","slug":"ator-jose-dumont-deixa-a-cadeia-na-zona-norte-do-rio","status":"publish","type":"post","link":"https:\/\/sindaopcpb.org.br\/index.php\/2022\/10\/12\/ator-jose-dumont-deixa-a-cadeia-na-zona-norte-do-rio\/","title":{"rendered":"Ator Jos\u00e9 Dumont deixa a cadeia na Zona Norte do Rio"},"content":{"rendered":"   <img src=\"https:\/\/s2.glbimg.com\/pq3iutueIbK5cM4xh55nH6Com90=\/i.s3.glbimg.com\/v1\/AUTH_59edd422c0c84a879bd37670ae4f538a\/internal_photos\/bs\/2022\/A\/z\/pnuY9vRXSbyBGiDgpqbA\/whatsapp-image-2022-09-15-at-16.05.14.jpeg\" \/><br \/>   Ator foi preso em flagrante por adquirir, possuir e armazenar, em seu computador e celular, fotografias e v\u00eddeos contendo cenas de pornografia envolvendo crian\u00e7as e adolescentes de diversas idades. Ator Jos\u00e9 Dumont \u00e9 preso por armazenar imagens de pornografia infantil\nDivulga\u00e7\u00e3o\nO ator Jos\u00e9 Dumont, de 72 anos, que estava preso na Casa do Albergado Crispim Ventino, em Benfica, Zona Norte do Rio, foi solto na manh\u00e3 desta quarta-feira (12). Ele vai usar tornozeleira eletr\u00f4nica.\nO ator foi preso em flagrante no dia 15 do m\u00eas passado por adquirir, possuir e armazenar em seu computador e em seu telefone celular, fotografias e v\u00eddeos contendo cenas de pornografia envolvendo crian\u00e7as e adolescentes de diversas idades.\nA den\u00fancia partiu de vizinhos. Segundo a investiga\u00e7\u00e3o, c\u00e2meras de seguran\u00e7a do condom\u00ednio onde ele mora flagraram o ator cometendo abusos contra um adolescente de 12 anos, como beijos e car\u00edcias.\nA pol\u00edcia informou que ele se aproximou do menino h\u00e1 um ano, ao oferecer ajuda financeira e presentes.\nAo cumprir o mandado de busca e apreens\u00e3o na casa do ator, os policiais encontraram v\u00eddeos e fotos contendo pornografia infantil no celular pessoal e no computador. A Justi\u00e7a tamb\u00e9m tinha autorizado a quebra de sigilo de dados.\nDe acordo com o Estatuto da Crian\u00e7a e do Adolescente, armazenar imagens de sexo envolvendo crian\u00e7as \u00e9 crime. ","protected":false},"excerpt":{"rendered":"<p>      Ator foi preso em flagrante por adquirir, possuir e armazenar, em seu computador e celular, fotografias e v\u00eddeos contendo cenas de pornografia envolvendo crian\u00e7as e adolescentes de diversas idades. Ator Jos\u00e9 Dumont \u00e9 preso por armazenar imagens d&#8230;<\/p>\n","protected":false},"author":2,"featured_media":0,"comment_status":"closed","ping_status":"closed","sticky":false,"template":"","format":"standard","meta":{"advgb_blocks_editor_width":"","advgb_blocks_columns_visual_guide":"","footnotes":""},"categories":[34],"tags":[35],"class_list":["post-4974","post","type-post","status-publish","format-standard","hentry","category-g1","tag-g1"],"author_meta":{"display_name":"g1 &gt; Para\u00edba","author_link":"https:\/\/sindaopcpb.org.br\/author\/g1-paraiba\/"},"featured_img":null,"coauthors":[],"tax_additional":{"categories":{"linked":["<a href=\"https:\/\/sindaopcpb.org.br\/g1\/\" class=\"advgb-post-tax-term\">G1<\/a>"],"unlinked":["<span class=\"advgb-post-tax-term\">G1<\/span>"]},"tags":{"linked":["<a href=\"https:\/\/sindaopcpb.org.br\/g1\/\" class=\"advgb-post-tax-term\">g1<\/a>"],"unlinked":["<span class=\"advgb-post-tax-term\">g1<\/span>"]}},"comment_count":"0","relative_dates":{"created":"Publicado 4 anos atr\u00e1s","modified":"Atualizado 4 anos atr\u00e1s"},"absolute_dates":{"created":"Publicado em 12 de outubro de 2022","modified":"Atualizado em 12 de outubro de 2022"},"absolute_dates_time":{"created":"Publicado em 12 de outubro de 2022 12:27","modified":"Atualizado em 12 de outubro de 2022 12:27"},"featured_img_caption":"","series_order":"","_links":{"self":[{"href":"https:\/\/sindaopcpb.org.br\/index.php\/wp-json\/wp\/v2\/posts\/4974","targetHints":{"allow":["GET"]}}],"collection":[{"href":"https:\/\/sindaopcpb.org.br\/index.php\/wp-json\/wp\/v2\/posts"}],"about":[{"href":"https:\/\/sindaopcpb.org.br\/index.php\/wp-json\/wp\/v2\/types\/post"}],"author":[{"embeddable":true,"href":"https:\/\/sindaopcpb.org.br\/index.php\/wp-json\/wp\/v2\/users\/2"}],"replies":[{"embeddable":true,"href":"https:\/\/sindaopcpb.org.br\/index.php\/wp-json\/wp\/v2\/comments?post=4974"}],"version-history":[{"count":1,"href":"https:\/\/sindaopcpb.org.br\/index.php\/wp-json\/wp\/v2\/posts\/4974\/revisions"}],"predecessor-version":[{"id":4975,"href":"https:\/\/sindaopcpb.org.br\/index.php\/wp-json\/wp\/v2\/posts\/4974\/revisions\/4975"}],"wp:attachment":[{"href":"https:\/\/sindaopcpb.org.br\/index.php\/wp-json\/wp\/v2\/media?parent=4974"}],"wp:term":[{"taxonomy":"category","embeddable":true,"href":"https:\/\/sindaopcpb.org.br\/index.php\/wp-json\/wp\/v2\/categories?post=4974"},{"taxonomy":"post_tag","embeddable":true,"href":"https:\/\/sindaopcpb.org.br\/index.php\/wp-json\/wp\/v2\/tags?post=4974"}],"curies":[{"name":"wp","href":"https:\/\/api.w.org\/{rel}","templated":true}]}}