{"id":4966,"date":"2022-10-12T09:22:38","date_gmt":"2022-10-12T12:22:38","guid":{"rendered":"https:\/\/g1.globo.com\/pb\/paraiba\/noticia\/2022\/10\/12\/campina-grande-tem-programacao-religiosa-no-dia-de-nossa-senhora-aparecida-veja-horarios-e-locais.ghtml"},"modified":"2022-10-12T09:22:38","modified_gmt":"2022-10-12T12:22:38","slug":"campina-grande-tem-programacao-religiosa-no-dia-de-nossa-senhora-aparecida-veja-horarios-e-locais","status":"publish","type":"post","link":"https:\/\/sindaopcpb.org.br\/index.php\/2022\/10\/12\/campina-grande-tem-programacao-religiosa-no-dia-de-nossa-senhora-aparecida-veja-horarios-e-locais\/","title":{"rendered":"Campina Grande tem programa\u00e7\u00e3o religiosa no Dia de Nossa Senhora Aparecida; veja hor\u00e1rios e locais"},"content":{"rendered":"   <img src=\"https:\/\/s2.glbimg.com\/V__AO2ZhpPhF3YEG9LK7Y8nli6U=\/s.glbimg.com\/jo\/g1\/f\/original\/2015\/10\/06\/catedral_campinagrande_paraiba_1.jpg\" \/><br \/>   Programa\u00e7\u00e3o foi divulgada pela Diocese da cidade, e \u00e9 realizada com missas, prociss\u00f5es e novenas. Campina Grande tem programa\u00e7\u00e3o religiosa no Dia de Nossa Senhora Aparecida\nGustavo Xavier\/g1\nCampina Grande ter\u00e1 nesta quarta-feira (12) celebra\u00e7\u00f5es do Dia de Nossa Senhora Aparecida, a padroeira do Brasil. A programa\u00e7\u00e3o \u00e9 realizada em igrejas cat\u00f3licas da cidade, com missas, prociss\u00f5es e novenas.\nLEIA TAMB\u00c9M:\nJo\u00e3o Pessoa tem programa\u00e7\u00e3o religiosa no Dia de Nossa Senhora Aparecida\nAs celebra\u00e7\u00f5es acontecem na Catedral Diocesana Nossa Senhora da Concei\u00e7\u00e3o, no Centro; Par\u00f3quia de Nossa Senhora Aparecida, no Presidente M\u00e9dici e na Par\u00f3quia S\u00e3o Jo\u00e3o Paulo II; e na Par\u00f3quia Nossa Senhora de F\u00e1tima, no Alu\u00edzio Campos.\nNa Catedral Diocesana Nossa Senhora da Concei\u00e7\u00e3o, a missa ser\u00e1 celebrada pelo Vig\u00e1rio Geral Pe. Luciano Guedes; e na Par\u00f3quia de Nossa Senhora Aparecida, pelo Bispo Diocesano Dom Dulc\u00eanio Fontes de Matos.\nJ\u00e1 no Alu\u00edzio Campos, na Par\u00f3quia Nossa Senhora de F\u00e1tima, as celebra\u00e7\u00f5es ser\u00e3o presididas pelo Bispo Diocesano, e marcam a abertura dos festejos alusivos a S\u00e3o Jo\u00e3o Paulo II. Na ocasi\u00e3o, ser\u00e1 entronizado a rel\u00edquia de S\u00e3o Jo\u00e3o Paulo II, trazida da Pol\u00f4nia.\nPrograma\u00e7\u00e3o das celebra\u00e7\u00f5es do Dia de Nossa Senhora Aparecida em Campina Grande:\nPar\u00f3quia de Nossa Senhora Aparecida\n6h - Of\u00edcio da Imaculada Concei\u00e7\u00e3o; Pedalando com Maria\n10h -  Santa Missa, com Dom Dulcenio Fontes de Matos\n15h - Santa Missa, com Pe. Valdinar Lira\n18h - Prociss\u00e3o saindo da Igreja Matriz\n19h - Novena e Santa Missa, com Pe. Denis Alves e Ver\u00f4nica Rios\nV\u00eddeos mais assistidos do g1 Para\u00edba ","protected":false},"excerpt":{"rendered":"<p>      Programa\u00e7\u00e3o foi divulgada pela Diocese da cidade, e \u00e9 realizada com missas, prociss\u00f5es e novenas. Campina Grande tem programa\u00e7\u00e3o religiosa no Dia de Nossa Senhora Aparecida<br \/>\nGustavo Xavier\/g1<br \/>\nCampina Grande ter\u00e1 nesta quarta-feira (12) celebra\u00e7\u00f5es&#8230;<\/p>\n","protected":false},"author":2,"featured_media":0,"comment_status":"closed","ping_status":"closed","sticky":false,"template":"","format":"standard","meta":{"advgb_blocks_editor_width":"","advgb_blocks_columns_visual_guide":"","footnotes":""},"categories":[34],"tags":[35],"class_list":["post-4966","post","type-post","status-publish","format-standard","hentry","category-g1","tag-g1"],"author_meta":{"display_name":"g1 &gt; Para\u00edba","author_link":"https:\/\/sindaopcpb.org.br\/author\/g1-paraiba\/"},"featured_img":null,"coauthors":[],"tax_additional":{"categories":{"linked":["<a href=\"https:\/\/sindaopcpb.org.br\/g1\/\" class=\"advgb-post-tax-term\">G1<\/a>"],"unlinked":["<span class=\"advgb-post-tax-term\">G1<\/span>"]},"tags":{"linked":["<a href=\"https:\/\/sindaopcpb.org.br\/g1\/\" class=\"advgb-post-tax-term\">g1<\/a>"],"unlinked":["<span class=\"advgb-post-tax-term\">g1<\/span>"]}},"comment_count":"0","relative_dates":{"created":"Publicado 4 anos atr\u00e1s","modified":"Atualizado 4 anos atr\u00e1s"},"absolute_dates":{"created":"Publicado em 12 de outubro de 2022","modified":"Atualizado em 12 de outubro de 2022"},"absolute_dates_time":{"created":"Publicado em 12 de outubro de 2022 09:22","modified":"Atualizado em 12 de outubro de 2022 09:22"},"featured_img_caption":"","series_order":"","_links":{"self":[{"href":"https:\/\/sindaopcpb.org.br\/index.php\/wp-json\/wp\/v2\/posts\/4966","targetHints":{"allow":["GET"]}}],"collection":[{"href":"https:\/\/sindaopcpb.org.br\/index.php\/wp-json\/wp\/v2\/posts"}],"about":[{"href":"https:\/\/sindaopcpb.org.br\/index.php\/wp-json\/wp\/v2\/types\/post"}],"author":[{"embeddable":true,"href":"https:\/\/sindaopcpb.org.br\/index.php\/wp-json\/wp\/v2\/users\/2"}],"replies":[{"embeddable":true,"href":"https:\/\/sindaopcpb.org.br\/index.php\/wp-json\/wp\/v2\/comments?post=4966"}],"version-history":[{"count":1,"href":"https:\/\/sindaopcpb.org.br\/index.php\/wp-json\/wp\/v2\/posts\/4966\/revisions"}],"predecessor-version":[{"id":4967,"href":"https:\/\/sindaopcpb.org.br\/index.php\/wp-json\/wp\/v2\/posts\/4966\/revisions\/4967"}],"wp:attachment":[{"href":"https:\/\/sindaopcpb.org.br\/index.php\/wp-json\/wp\/v2\/media?parent=4966"}],"wp:term":[{"taxonomy":"category","embeddable":true,"href":"https:\/\/sindaopcpb.org.br\/index.php\/wp-json\/wp\/v2\/categories?post=4966"},{"taxonomy":"post_tag","embeddable":true,"href":"https:\/\/sindaopcpb.org.br\/index.php\/wp-json\/wp\/v2\/tags?post=4966"}],"curies":[{"name":"wp","href":"https:\/\/api.w.org\/{rel}","templated":true}]}}