{"id":49646,"date":"2024-08-08T09:20:04","date_gmt":"2024-08-08T12:20:04","guid":{"rendered":"https:\/\/www.pbagora.com.br\/?p=849349"},"modified":"2024-08-08T11:20:04","modified_gmt":"2024-08-08T14:20:04","slug":"idoso-fica-ferido-apos-ser-atingido-por-pedrada-dentro-de-onibus-no-bairro-do-rangel-em-joao-pessoa","status":"publish","type":"post","link":"https:\/\/sindaopcpb.org.br\/index.php\/2024\/08\/08\/idoso-fica-ferido-apos-ser-atingido-por-pedrada-dentro-de-onibus-no-bairro-do-rangel-em-joao-pessoa\/","title":{"rendered":"Idoso fica ferido ap\u00f3s ser atingido por pedrada dentro de \u00f4nibus no Bairro do Rangel, em Jo\u00e3o Pessoa"},"content":{"rendered":"<p><img width=\"789\" height=\"425\" src=\"https:\/\/pbagora.s3.amazonaws.com\/2024\/08\/08081456\/Sem-titulo-7.jpg\" class=\"attachment-large size-large wp-post-image\" alt=\"\" style=\"margin-bottom: 20px;\" decoding=\"async\" loading=\"lazy\" srcset=\"https:\/\/pbagora.s3.amazonaws.com\/2024\/08\/08081456\/Sem-titulo-7.jpg 789w, https:\/\/pbagora.s3.amazonaws.com\/2024\/08\/08081456\/Sem-titulo-7-300x162.jpg 300w, https:\/\/pbagora.s3.amazonaws.com\/2024\/08\/08081456\/Sem-titulo-7-150x81.jpg 150w, https:\/\/pbagora.s3.amazonaws.com\/2024\/08\/08081456\/Sem-titulo-7-768x414.jpg 768w, https:\/\/pbagora.s3.amazonaws.com\/2024\/08\/08081456\/Sem-titulo-7-380x205.jpg 380w, https:\/\/pbagora.s3.amazonaws.com\/2024\/08\/08081456\/Sem-titulo-7-80x42.jpg 80w, https:\/\/pbagora.s3.amazonaws.com\/2024\/08\/08081456\/Sem-titulo-7-760x409.jpg 760w, https:\/\/pbagora.s3.amazonaws.com\/2024\/08\/08081456\/Sem-titulo-7-600x323.jpg 600w\" sizes=\"(max-width: 789px) 100vw, 789px\" \/><\/p><p>Um ato de viol\u00eancia contra idosos, foi registrado na noite de ontem (08), no Bairro do Rangel, em Jo\u00e3o Pessoa, quando um idoso de 62 anos foi atingido por uma pedra. A v\u00edtima estava dentro de um \u00f4nibus, que passava pelas imedia\u00e7\u00f5es da Pra\u00e7a da Amizade<\/p>\n<p>De acordo com as informa\u00e7\u00f5es do Servi\u00e7o de Atendimento M\u00f3vel de Urg\u00eancia (Samu), que realizou o socorro do idoso, indiv\u00edduos se aproximaram do ve\u00edculo e come\u00e7aram a lan\u00e7ar objetos. O homem teria tentado olhar o que seria e foi atingido na face pela pedra.<\/p>\n<p>A pedra atingiu o vidro da janela traseira direita do \u00f4nibus, que quebrou. A v\u00edtima foi atendida e socorrida para Hospital de Emerg\u00eancia e Trauma Senador Humberto Lucena, na capital, com um hematoma e cortes na regi\u00e3o do rosto.<\/p>\n<p>Reda\u00e7\u00e3o<\/p>\n","protected":false},"excerpt":{"rendered":"<p><img loading=\"lazy\" decoding=\"async\" width=\"789\" height=\"425\" src=\"https:\/\/pbagora.s3.amazonaws.com\/2024\/08\/08081456\/Sem-titulo-7.jpg\" class=\"attachment-large size-large wp-post-image\" alt=\"\"><\/p>\n<p>Um ato de viol\u00eancia contra idosos, foi registrado na noite de ontem (08), no Bairro do Rangel, em\u2026<\/p>\n","protected":false},"author":123457,"featured_media":0,"comment_status":"closed","ping_status":"closed","sticky":false,"template":"","format":"standard","meta":{"advgb_blocks_editor_width":"","advgb_blocks_columns_visual_guide":"","footnotes":""},"categories":[34],"tags":[10841,35,10839],"class_list":["post-49646","post","type-post","status-publish","format-standard","hentry","category-g1","tag-destaque-centro-02","tag-g1","tag-policial"],"author_meta":{"display_name":"Reda\u00e7\u00e3o","author_link":"https:\/\/sindaopcpb.org.br\/author\/redacao\/"},"featured_img":null,"coauthors":[],"tax_additional":{"categories":{"linked":["<a href=\"https:\/\/sindaopcpb.org.br\/g1\/\" class=\"advgb-post-tax-term\">G1<\/a>"],"unlinked":["<span class=\"advgb-post-tax-term\">G1<\/span>"]},"tags":{"linked":["<a href=\"https:\/\/sindaopcpb.org.br\/g1\/\" class=\"advgb-post-tax-term\">Destaque Centro 02<\/a>","<a href=\"https:\/\/sindaopcpb.org.br\/g1\/\" class=\"advgb-post-tax-term\">g1<\/a>","<a href=\"https:\/\/sindaopcpb.org.br\/g1\/\" class=\"advgb-post-tax-term\">Policial<\/a>"],"unlinked":["<span class=\"advgb-post-tax-term\">Destaque Centro 02<\/span>","<span class=\"advgb-post-tax-term\">g1<\/span>","<span class=\"advgb-post-tax-term\">Policial<\/span>"]}},"comment_count":"0","relative_dates":{"created":"Publicado 2 anos atr\u00e1s","modified":"Atualizado 2 anos atr\u00e1s"},"absolute_dates":{"created":"Publicado em 8 de agosto de 2024","modified":"Atualizado em 8 de agosto de 2024"},"absolute_dates_time":{"created":"Publicado em 8 de agosto de 2024 09:20","modified":"Atualizado em 8 de agosto de 2024 11:20"},"featured_img_caption":"","series_order":"","_links":{"self":[{"href":"https:\/\/sindaopcpb.org.br\/index.php\/wp-json\/wp\/v2\/posts\/49646","targetHints":{"allow":["GET"]}}],"collection":[{"href":"https:\/\/sindaopcpb.org.br\/index.php\/wp-json\/wp\/v2\/posts"}],"about":[{"href":"https:\/\/sindaopcpb.org.br\/index.php\/wp-json\/wp\/v2\/types\/post"}],"author":[{"embeddable":true,"href":"https:\/\/sindaopcpb.org.br\/index.php\/wp-json\/wp\/v2\/users\/123457"}],"replies":[{"embeddable":true,"href":"https:\/\/sindaopcpb.org.br\/index.php\/wp-json\/wp\/v2\/comments?post=49646"}],"version-history":[{"count":3,"href":"https:\/\/sindaopcpb.org.br\/index.php\/wp-json\/wp\/v2\/posts\/49646\/revisions"}],"predecessor-version":[{"id":49653,"href":"https:\/\/sindaopcpb.org.br\/index.php\/wp-json\/wp\/v2\/posts\/49646\/revisions\/49653"}],"wp:attachment":[{"href":"https:\/\/sindaopcpb.org.br\/index.php\/wp-json\/wp\/v2\/media?parent=49646"}],"wp:term":[{"taxonomy":"category","embeddable":true,"href":"https:\/\/sindaopcpb.org.br\/index.php\/wp-json\/wp\/v2\/categories?post=49646"},{"taxonomy":"post_tag","embeddable":true,"href":"https:\/\/sindaopcpb.org.br\/index.php\/wp-json\/wp\/v2\/tags?post=49646"}],"curies":[{"name":"wp","href":"https:\/\/api.w.org\/{rel}","templated":true}]}}