{"id":49641,"date":"2024-08-08T06:05:13","date_gmt":"2024-08-08T09:05:13","guid":{"rendered":"https:\/\/www.pbagora.com.br\/?p=849329"},"modified":"2024-08-08T09:30:13","modified_gmt":"2024-08-08T12:30:13","slug":"policia-prende-homem-suspeito-de-estuprar-a-propria-filha-durante-cinco-anos-na-cidade-de-aroeiras","status":"publish","type":"post","link":"https:\/\/sindaopcpb.org.br\/index.php\/2024\/08\/08\/policia-prende-homem-suspeito-de-estuprar-a-propria-filha-durante-cinco-anos-na-cidade-de-aroeiras\/","title":{"rendered":"Pol\u00edcia prende homem suspeito de estuprar a pr\u00f3pria filha durante cinco anos na cidade de Aroeiras"},"content":{"rendered":"<p><img width=\"888\" height=\"500\" src=\"https:\/\/pbagora.s3.amazonaws.com\/20190804173317\/ESTUPRO-CRIAN%C3%87A.jpeg\" class=\"attachment-large size-large wp-post-image\" alt=\"\" style=\"margin-bottom: 20px;\" decoding=\"async\" loading=\"lazy\" \/><\/p><p>Mais um caso que assustou os paraibanos, terminou com a pris\u00e3o nesta semana de um homem suspeito de abusar sexualmente da pr\u00f3pria filha em Aroeiras, no Agreste da Para\u00edba. Segundo a Pol\u00edcia Civil, o homem cometeu o crime durante cinco anos.<\/p>\n<p>O caso foi revelado \u00e0 pol\u00edcia atrav\u00e9s de uma den\u00fancia an\u00f4nima. Ap\u00f3s o in\u00edcio da investiga\u00e7\u00e3o, a v\u00edtima, uma adolescente de 15 anos, foi ouvida e forneceu detalhes sobre os abusos, que come\u00e7aram quando ela tinha 10 anos. Um exame sexol\u00f3gico confirmou os abusos.<\/p>\n<p>O suspeito foi encontrado nos fundos do terreno de sua resid\u00eancia, onde foi preso pela pol\u00edcia. Durante a pris\u00e3o, foi encontrada uma espingarda artesanal pendurada nos fundos da casa. Ap\u00f3s o cumprimento do mandado de pris\u00e3o, o homem foi conduzido para a Central de Pol\u00edcia em Campina Grande, onde deve permanecer \u00e0 disposi\u00e7\u00e3o da Justi\u00e7a.<\/p>\n<p>Essa pris\u00e3o aconteceu menos de 30 dias ap\u00f3s um caso emblem\u00e1tico para o munic\u00edpio de Aroeiras, onde um pai foi preso suspeito de estuprar a pr\u00f3pria filha de 2 anos de idade, que n\u00e3o resistiu e morreu. Ele foi preso no dia 19 de julho desse anos, quando levou a crian\u00e7a para o hospital e os profissionais de sa\u00fade identificaram sinais de agress\u00e3o sexual e chamaram a pol\u00edcia.<\/p>\n<p>Reda\u00e7\u00e3o<\/p>\n","protected":false},"excerpt":{"rendered":"<p><img loading=\"lazy\" decoding=\"async\" width=\"888\" height=\"500\" src=\"https:\/\/pbagora.s3.amazonaws.com\/20190804173317\/ESTUPRO-CRIAN%C3%87A.jpeg\" class=\"attachment-large size-large wp-post-image\" alt=\"\"><\/p>\n<p>Mais um caso que assustou os paraibanos, terminou com a pris\u00e3o nesta semana de um homem suspeito de\u2026<\/p>\n","protected":false},"author":123457,"featured_media":0,"comment_status":"closed","ping_status":"closed","sticky":false,"template":"","format":"standard","meta":{"advgb_blocks_editor_width":"","advgb_blocks_columns_visual_guide":"","footnotes":""},"categories":[34],"tags":[10841,35,10839],"class_list":["post-49641","post","type-post","status-publish","format-standard","hentry","category-g1","tag-destaque-centro-02","tag-g1","tag-policial"],"author_meta":{"display_name":"Reda\u00e7\u00e3o","author_link":"https:\/\/sindaopcpb.org.br\/author\/redacao\/"},"featured_img":null,"coauthors":[],"tax_additional":{"categories":{"linked":["<a href=\"https:\/\/sindaopcpb.org.br\/g1\/\" class=\"advgb-post-tax-term\">G1<\/a>"],"unlinked":["<span class=\"advgb-post-tax-term\">G1<\/span>"]},"tags":{"linked":["<a href=\"https:\/\/sindaopcpb.org.br\/g1\/\" class=\"advgb-post-tax-term\">Destaque Centro 02<\/a>","<a href=\"https:\/\/sindaopcpb.org.br\/g1\/\" class=\"advgb-post-tax-term\">g1<\/a>","<a href=\"https:\/\/sindaopcpb.org.br\/g1\/\" class=\"advgb-post-tax-term\">Policial<\/a>"],"unlinked":["<span class=\"advgb-post-tax-term\">Destaque Centro 02<\/span>","<span class=\"advgb-post-tax-term\">g1<\/span>","<span class=\"advgb-post-tax-term\">Policial<\/span>"]}},"comment_count":"0","relative_dates":{"created":"Publicado 2 anos atr\u00e1s","modified":"Atualizado 2 anos atr\u00e1s"},"absolute_dates":{"created":"Publicado em 8 de agosto de 2024","modified":"Atualizado em 8 de agosto de 2024"},"absolute_dates_time":{"created":"Publicado em 8 de agosto de 2024 06:05","modified":"Atualizado em 8 de agosto de 2024 09:30"},"featured_img_caption":"","series_order":"","_links":{"self":[{"href":"https:\/\/sindaopcpb.org.br\/index.php\/wp-json\/wp\/v2\/posts\/49641","targetHints":{"allow":["GET"]}}],"collection":[{"href":"https:\/\/sindaopcpb.org.br\/index.php\/wp-json\/wp\/v2\/posts"}],"about":[{"href":"https:\/\/sindaopcpb.org.br\/index.php\/wp-json\/wp\/v2\/types\/post"}],"author":[{"embeddable":true,"href":"https:\/\/sindaopcpb.org.br\/index.php\/wp-json\/wp\/v2\/users\/123457"}],"replies":[{"embeddable":true,"href":"https:\/\/sindaopcpb.org.br\/index.php\/wp-json\/wp\/v2\/comments?post=49641"}],"version-history":[{"count":3,"href":"https:\/\/sindaopcpb.org.br\/index.php\/wp-json\/wp\/v2\/posts\/49641\/revisions"}],"predecessor-version":[{"id":49650,"href":"https:\/\/sindaopcpb.org.br\/index.php\/wp-json\/wp\/v2\/posts\/49641\/revisions\/49650"}],"wp:attachment":[{"href":"https:\/\/sindaopcpb.org.br\/index.php\/wp-json\/wp\/v2\/media?parent=49641"}],"wp:term":[{"taxonomy":"category","embeddable":true,"href":"https:\/\/sindaopcpb.org.br\/index.php\/wp-json\/wp\/v2\/categories?post=49641"},{"taxonomy":"post_tag","embeddable":true,"href":"https:\/\/sindaopcpb.org.br\/index.php\/wp-json\/wp\/v2\/tags?post=49641"}],"curies":[{"name":"wp","href":"https:\/\/api.w.org\/{rel}","templated":true}]}}