{"id":49625,"date":"2024-08-07T12:04:31","date_gmt":"2024-08-07T15:04:31","guid":{"rendered":"https:\/\/www.pbagora.com.br\/?p=849196"},"modified":"2024-08-07T12:04:31","modified_gmt":"2024-08-07T15:04:31","slug":"justica-concede-liberdade-provisoria-a-suspeitos-de-estupro-de-menina-de-13-anos-na-pb","status":"publish","type":"post","link":"https:\/\/sindaopcpb.org.br\/index.php\/2024\/08\/07\/justica-concede-liberdade-provisoria-a-suspeitos-de-estupro-de-menina-de-13-anos-na-pb\/","title":{"rendered":"Justi\u00e7a concede liberdade provis\u00f3ria a suspeitos de estupro de menina de 13 anos na PB"},"content":{"rendered":"<p><img width=\"1024\" height=\"683\" src=\"https:\/\/pbagora.s3.amazonaws.com\/2023\/08\/21103343\/por-que-os-juc3adzes-usam-martelo-no-tribunal-1024x683.webp\" class=\"attachment-large size-large wp-post-image\" alt=\"\" style=\"margin-bottom: 20px;\" decoding=\"async\" loading=\"lazy\" srcset=\"https:\/\/pbagora.s3.amazonaws.com\/2023\/08\/21103343\/por-que-os-juc3adzes-usam-martelo-no-tribunal-1024x683.webp 1024w, https:\/\/pbagora.s3.amazonaws.com\/2023\/08\/21103343\/por-que-os-juc3adzes-usam-martelo-no-tribunal-300x200.webp 300w, https:\/\/pbagora.s3.amazonaws.com\/2023\/08\/21103343\/por-que-os-juc3adzes-usam-martelo-no-tribunal-150x100.webp 150w, https:\/\/pbagora.s3.amazonaws.com\/2023\/08\/21103343\/por-que-os-juc3adzes-usam-martelo-no-tribunal-768x512.webp 768w, https:\/\/pbagora.s3.amazonaws.com\/2023\/08\/21103343\/por-que-os-juc3adzes-usam-martelo-no-tribunal-380x253.webp 380w, https:\/\/pbagora.s3.amazonaws.com\/2023\/08\/21103343\/por-que-os-juc3adzes-usam-martelo-no-tribunal-800x533.webp 800w, https:\/\/pbagora.s3.amazonaws.com\/2023\/08\/21103343\/por-que-os-juc3adzes-usam-martelo-no-tribunal-1160x773.webp 1160w, https:\/\/pbagora.s3.amazonaws.com\/2023\/08\/21103343\/por-que-os-juc3adzes-usam-martelo-no-tribunal-80x53.webp 80w, https:\/\/pbagora.s3.amazonaws.com\/2023\/08\/21103343\/por-que-os-juc3adzes-usam-martelo-no-tribunal-760x507.webp 760w, https:\/\/pbagora.s3.amazonaws.com\/2023\/08\/21103343\/por-que-os-juc3adzes-usam-martelo-no-tribunal-600x400.webp 600w, https:\/\/pbagora.s3.amazonaws.com\/2023\/08\/21103343\/por-que-os-juc3adzes-usam-martelo-no-tribunal.webp 1200w\" sizes=\"(max-width: 1024px) 100vw, 1024px\" \/><\/p><p>Nessa ter\u00e7a-feira (06), a Justi\u00e7a concedeu liberdade provis\u00f3ria aos tr\u00eas homens suspeitos de estuprar uma menina de 13 anos em Tavares, Sert\u00e3o da Para\u00edba. O crime ocorreu no domingo (04), ap\u00f3s a realiza\u00e7\u00e3o de uma conven\u00e7\u00e3o partid\u00e1ria na cidade.<\/p>\n<p>O delegado respons\u00e1vel pela investiga\u00e7\u00e3o confirmou que o flagrante foi homologado e que foram impostas medidas cautelares, incluindo a proibi\u00e7\u00e3o de aproxima\u00e7\u00e3o da v\u00edtima pelos acusados.<\/p>\n<p>As investiga\u00e7\u00f5es continuam, e a pol\u00edcia est\u00e1 monitorando o cumprimento das medidas cautelares impostas para garantir a seguran\u00e7a da v\u00edtima e a continuidade da apura\u00e7\u00e3o dos fatos.<\/p>\n<p><strong>PB Agora<\/strong><\/p>\n","protected":false},"excerpt":{"rendered":"<p><img decoding=\"async\" width=\"1024\" height=\"683\" src=\"https:\/\/pbagora.s3.amazonaws.com\/2023\/08\/21103343\/por-que-os-juc3adzes-usam-martelo-no-tribunal-1024x683.webp\" class=\"attachment-large size-large wp-post-image\" alt=\"\" loading=\"lazy\"><\/p>\n<p>Nessa ter\u00e7a-feira (06), a Justi\u00e7a concedeu liberdade provis\u00f3ria aos tr\u00eas homens suspeitos de estuprar uma menina de 13\u2026<\/p>\n","protected":false},"author":123457,"featured_media":0,"comment_status":"closed","ping_status":"closed","sticky":false,"template":"","format":"standard","meta":{"advgb_blocks_editor_width":"","advgb_blocks_columns_visual_guide":"","footnotes":""},"categories":[34],"tags":[35,10839,10844],"class_list":["post-49625","post","type-post","status-publish","format-standard","hentry","category-g1","tag-g1","tag-policial","tag-principal2"],"author_meta":{"display_name":"Reda\u00e7\u00e3o","author_link":"https:\/\/sindaopcpb.org.br\/author\/redacao\/"},"featured_img":null,"coauthors":[],"tax_additional":{"categories":{"linked":["<a href=\"https:\/\/sindaopcpb.org.br\/g1\/\" class=\"advgb-post-tax-term\">G1<\/a>"],"unlinked":["<span class=\"advgb-post-tax-term\">G1<\/span>"]},"tags":{"linked":["<a href=\"https:\/\/sindaopcpb.org.br\/g1\/\" class=\"advgb-post-tax-term\">g1<\/a>","<a href=\"https:\/\/sindaopcpb.org.br\/g1\/\" class=\"advgb-post-tax-term\">Policial<\/a>","<a href=\"https:\/\/sindaopcpb.org.br\/g1\/\" class=\"advgb-post-tax-term\">Principal2<\/a>"],"unlinked":["<span class=\"advgb-post-tax-term\">g1<\/span>","<span class=\"advgb-post-tax-term\">Policial<\/span>","<span class=\"advgb-post-tax-term\">Principal2<\/span>"]}},"comment_count":"0","relative_dates":{"created":"Publicado 2 anos atr\u00e1s","modified":"Atualizado 2 anos atr\u00e1s"},"absolute_dates":{"created":"Publicado em 7 de agosto de 2024","modified":"Atualizado em 7 de agosto de 2024"},"absolute_dates_time":{"created":"Publicado em 7 de agosto de 2024 12:04","modified":"Atualizado em 7 de agosto de 2024 12:04"},"featured_img_caption":"","series_order":"","_links":{"self":[{"href":"https:\/\/sindaopcpb.org.br\/index.php\/wp-json\/wp\/v2\/posts\/49625","targetHints":{"allow":["GET"]}}],"collection":[{"href":"https:\/\/sindaopcpb.org.br\/index.php\/wp-json\/wp\/v2\/posts"}],"about":[{"href":"https:\/\/sindaopcpb.org.br\/index.php\/wp-json\/wp\/v2\/types\/post"}],"author":[{"embeddable":true,"href":"https:\/\/sindaopcpb.org.br\/index.php\/wp-json\/wp\/v2\/users\/123457"}],"replies":[{"embeddable":true,"href":"https:\/\/sindaopcpb.org.br\/index.php\/wp-json\/wp\/v2\/comments?post=49625"}],"version-history":[{"count":1,"href":"https:\/\/sindaopcpb.org.br\/index.php\/wp-json\/wp\/v2\/posts\/49625\/revisions"}],"predecessor-version":[{"id":49626,"href":"https:\/\/sindaopcpb.org.br\/index.php\/wp-json\/wp\/v2\/posts\/49625\/revisions\/49626"}],"wp:attachment":[{"href":"https:\/\/sindaopcpb.org.br\/index.php\/wp-json\/wp\/v2\/media?parent=49625"}],"wp:term":[{"taxonomy":"category","embeddable":true,"href":"https:\/\/sindaopcpb.org.br\/index.php\/wp-json\/wp\/v2\/categories?post=49625"},{"taxonomy":"post_tag","embeddable":true,"href":"https:\/\/sindaopcpb.org.br\/index.php\/wp-json\/wp\/v2\/tags?post=49625"}],"curies":[{"name":"wp","href":"https:\/\/api.w.org\/{rel}","templated":true}]}}