{"id":49599,"date":"2024-08-05T17:07:54","date_gmt":"2024-08-05T20:07:54","guid":{"rendered":"https:\/\/www.pbagora.com.br\/?p=848827"},"modified":"2024-08-05T17:07:54","modified_gmt":"2024-08-05T20:07:54","slug":"homem-morre-carbonizado-em-incendio-no-bairro-de-jaguaribe-em-joao-pessoa","status":"publish","type":"post","link":"https:\/\/sindaopcpb.org.br\/index.php\/2024\/08\/05\/homem-morre-carbonizado-em-incendio-no-bairro-de-jaguaribe-em-joao-pessoa\/","title":{"rendered":"Homem morre carbonizado em inc\u00eandio no bairro de Jaguaribe, em Jo\u00e3o Pessoa"},"content":{"rendered":"<p><img width=\"900\" height=\"809\" src=\"https:\/\/pbagora.s3.amazonaws.com\/2024\/08\/05104454\/7945a5bc6b0d45ef2349144e9c0db008.webp\" class=\"attachment-large size-large wp-post-image\" alt=\"\" style=\"margin-bottom: 20px;\" decoding=\"async\" loading=\"lazy\" srcset=\"https:\/\/pbagora.s3.amazonaws.com\/2024\/08\/05104454\/7945a5bc6b0d45ef2349144e9c0db008.webp 900w, https:\/\/pbagora.s3.amazonaws.com\/2024\/08\/05104454\/7945a5bc6b0d45ef2349144e9c0db008-300x270.webp 300w, https:\/\/pbagora.s3.amazonaws.com\/2024\/08\/05104454\/7945a5bc6b0d45ef2349144e9c0db008-150x135.webp 150w, https:\/\/pbagora.s3.amazonaws.com\/2024\/08\/05104454\/7945a5bc6b0d45ef2349144e9c0db008-768x690.webp 768w, https:\/\/pbagora.s3.amazonaws.com\/2024\/08\/05104454\/7945a5bc6b0d45ef2349144e9c0db008-380x342.webp 380w, https:\/\/pbagora.s3.amazonaws.com\/2024\/08\/05104454\/7945a5bc6b0d45ef2349144e9c0db008-800x719.webp 800w, https:\/\/pbagora.s3.amazonaws.com\/2024\/08\/05104454\/7945a5bc6b0d45ef2349144e9c0db008-80x72.webp 80w, https:\/\/pbagora.s3.amazonaws.com\/2024\/08\/05104454\/7945a5bc6b0d45ef2349144e9c0db008-760x683.webp 760w, https:\/\/pbagora.s3.amazonaws.com\/2024\/08\/05104454\/7945a5bc6b0d45ef2349144e9c0db008-600x539.webp 600w\" sizes=\"(max-width: 900px) 100vw, 900px\" \/><\/p><p>Na noite deste domingo (4), um homem de 51 anos morreu carbonizado ap\u00f3s um inc\u00eandio atingir a casa onde ele morava sozinho, localizada no bairro de Jaguaribe, em Jo\u00e3o Pessoa. De acordo com a Pol\u00edcia Civil, vizinhos perceberam as chamas e acionaram o Corpo de Bombeiros, mas o fogo j\u00e1 havia destru\u00eddo completamente o quarto onde a v\u00edtima estava e atingido outros c\u00f4modos da resid\u00eancia.<\/p>\n<p>O Corpo de Bombeiros\u00a0 ao chegar no local encontrou a casa em chamas, dificultando o resgate. Os bombeiros conseguiram controlar o fogo, mas infelizmente, a v\u00edtima n\u00e3o resistiu e foi encontrada carbonizada no quarto.<\/p>\n<p>Segundo informa\u00e7\u00f5es preliminares do Corpo de Bombeiros, a suspeita \u00e9 de que um curto-circuito tenha provocado o inc\u00eandio. No entanto, uma per\u00edcia ser\u00e1 realizada para determinar com precis\u00e3o as causas do fogo. Os peritos ir\u00e3o analisar a fia\u00e7\u00e3o el\u00e9trica da casa e buscar outros poss\u00edveis pontos de igni\u00e7\u00e3o.<\/p>\n<p><strong>PB Agora<\/strong><\/p>\n","protected":false},"excerpt":{"rendered":"<p><img decoding=\"async\" width=\"900\" height=\"809\" src=\"https:\/\/pbagora.s3.amazonaws.com\/2024\/08\/05104454\/7945a5bc6b0d45ef2349144e9c0db008.webp\" class=\"attachment-large size-large wp-post-image\" alt=\"\" loading=\"lazy\"><\/p>\n<p>Na noite deste domingo (4), um homem de 51 anos morreu carbonizado ap\u00f3s um inc\u00eandio atingir a casa\u2026<\/p>\n","protected":false},"author":123457,"featured_media":0,"comment_status":"closed","ping_status":"closed","sticky":false,"template":"","format":"standard","meta":{"advgb_blocks_editor_width":"","advgb_blocks_columns_visual_guide":"","footnotes":""},"categories":[34],"tags":[35,10839,10848],"class_list":["post-49599","post","type-post","status-publish","format-standard","hentry","category-g1","tag-g1","tag-policial","tag-rodape-01"],"author_meta":{"display_name":"Reda\u00e7\u00e3o","author_link":"https:\/\/sindaopcpb.org.br\/author\/redacao\/"},"featured_img":null,"coauthors":[],"tax_additional":{"categories":{"linked":["<a href=\"https:\/\/sindaopcpb.org.br\/g1\/\" class=\"advgb-post-tax-term\">G1<\/a>"],"unlinked":["<span class=\"advgb-post-tax-term\">G1<\/span>"]},"tags":{"linked":["<a href=\"https:\/\/sindaopcpb.org.br\/g1\/\" class=\"advgb-post-tax-term\">g1<\/a>","<a href=\"https:\/\/sindaopcpb.org.br\/g1\/\" class=\"advgb-post-tax-term\">Policial<\/a>","<a href=\"https:\/\/sindaopcpb.org.br\/g1\/\" class=\"advgb-post-tax-term\">Rodape 01<\/a>"],"unlinked":["<span class=\"advgb-post-tax-term\">g1<\/span>","<span class=\"advgb-post-tax-term\">Policial<\/span>","<span class=\"advgb-post-tax-term\">Rodape 01<\/span>"]}},"comment_count":"0","relative_dates":{"created":"Publicado 2 anos atr\u00e1s","modified":"Atualizado 2 anos atr\u00e1s"},"absolute_dates":{"created":"Publicado em 5 de agosto de 2024","modified":"Atualizado em 5 de agosto de 2024"},"absolute_dates_time":{"created":"Publicado em 5 de agosto de 2024 17:07","modified":"Atualizado em 5 de agosto de 2024 17:07"},"featured_img_caption":"","series_order":"","_links":{"self":[{"href":"https:\/\/sindaopcpb.org.br\/index.php\/wp-json\/wp\/v2\/posts\/49599","targetHints":{"allow":["GET"]}}],"collection":[{"href":"https:\/\/sindaopcpb.org.br\/index.php\/wp-json\/wp\/v2\/posts"}],"about":[{"href":"https:\/\/sindaopcpb.org.br\/index.php\/wp-json\/wp\/v2\/types\/post"}],"author":[{"embeddable":true,"href":"https:\/\/sindaopcpb.org.br\/index.php\/wp-json\/wp\/v2\/users\/123457"}],"replies":[{"embeddable":true,"href":"https:\/\/sindaopcpb.org.br\/index.php\/wp-json\/wp\/v2\/comments?post=49599"}],"version-history":[{"count":1,"href":"https:\/\/sindaopcpb.org.br\/index.php\/wp-json\/wp\/v2\/posts\/49599\/revisions"}],"predecessor-version":[{"id":49600,"href":"https:\/\/sindaopcpb.org.br\/index.php\/wp-json\/wp\/v2\/posts\/49599\/revisions\/49600"}],"wp:attachment":[{"href":"https:\/\/sindaopcpb.org.br\/index.php\/wp-json\/wp\/v2\/media?parent=49599"}],"wp:term":[{"taxonomy":"category","embeddable":true,"href":"https:\/\/sindaopcpb.org.br\/index.php\/wp-json\/wp\/v2\/categories?post=49599"},{"taxonomy":"post_tag","embeddable":true,"href":"https:\/\/sindaopcpb.org.br\/index.php\/wp-json\/wp\/v2\/tags?post=49599"}],"curies":[{"name":"wp","href":"https:\/\/api.w.org\/{rel}","templated":true}]}}