{"id":49578,"date":"2024-08-05T19:48:53","date_gmt":"2024-08-05T22:48:53","guid":{"rendered":"https:\/\/www.pbagora.com.br\/?p=848883"},"modified":"2024-08-05T19:48:53","modified_gmt":"2024-08-05T22:48:53","slug":"ruy-carneiro-tem-candidatura-a-pmjp-homologada-pelo-podemos-em-convencao","status":"publish","type":"post","link":"https:\/\/sindaopcpb.org.br\/index.php\/2024\/08\/05\/ruy-carneiro-tem-candidatura-a-pmjp-homologada-pelo-podemos-em-convencao\/","title":{"rendered":"Ruy Carneiro tem candidatura \u00e0 PMJP homologada pelo Podemos em conven\u00e7\u00e3o"},"content":{"rendered":"<p><img width=\"800\" height=\"600\" src=\"https:\/\/pbagora.s3.amazonaws.com\/2024\/08\/05194843\/WhatsApp-Image-2024-08-05-at-19.27.50.webp\" class=\"attachment-large size-large wp-post-image\" alt=\"\" style=\"margin-bottom: 20px;\" decoding=\"async\" srcset=\"https:\/\/pbagora.s3.amazonaws.com\/2024\/08\/05194843\/WhatsApp-Image-2024-08-05-at-19.27.50.webp 800w, https:\/\/pbagora.s3.amazonaws.com\/2024\/08\/05194843\/WhatsApp-Image-2024-08-05-at-19.27.50-300x225.webp 300w, https:\/\/pbagora.s3.amazonaws.com\/2024\/08\/05194843\/WhatsApp-Image-2024-08-05-at-19.27.50-150x113.webp 150w, https:\/\/pbagora.s3.amazonaws.com\/2024\/08\/05194843\/WhatsApp-Image-2024-08-05-at-19.27.50-768x576.webp 768w, https:\/\/pbagora.s3.amazonaws.com\/2024\/08\/05194843\/WhatsApp-Image-2024-08-05-at-19.27.50-200x150.webp 200w, https:\/\/pbagora.s3.amazonaws.com\/2024\/08\/05194843\/WhatsApp-Image-2024-08-05-at-19.27.50-260x195.webp 260w, https:\/\/pbagora.s3.amazonaws.com\/2024\/08\/05194843\/WhatsApp-Image-2024-08-05-at-19.27.50-380x285.webp 380w, https:\/\/pbagora.s3.amazonaws.com\/2024\/08\/05194843\/WhatsApp-Image-2024-08-05-at-19.27.50-80x60.webp 80w, https:\/\/pbagora.s3.amazonaws.com\/2024\/08\/05194843\/WhatsApp-Image-2024-08-05-at-19.27.50-600x450.webp 600w, https:\/\/pbagora.s3.amazonaws.com\/2024\/08\/05194843\/WhatsApp-Image-2024-08-05-at-19.27.50-520x390.webp 520w, https:\/\/pbagora.s3.amazonaws.com\/2024\/08\/05194843\/WhatsApp-Image-2024-08-05-at-19.27.50-760x570.webp 760w\" sizes=\"(max-width: 800px) 100vw, 800px\" \/><\/p><p>Nesta segunda-feira, 5 de agosto, o deputado federal Ruy Carneiro (Podemos) teve sua candidatura \u00e0 prefeitura de Jo\u00e3o Pessoa oficialmente homologada durante uma conven\u00e7\u00e3o realizada pelo partido. O evento, que contou com a presen\u00e7a de diversos apoiadores e lideran\u00e7as pol\u00edticas, marcou o in\u00edcio da campanha de Ruy Carneiro para as elei\u00e7\u00f5es municipais.<\/p>\n<p>A coliga\u00e7\u00e3o encabe\u00e7ada por Ruy Carneiro \u00e9 formada por uma alian\u00e7a estrat\u00e9gica entre o Podemos, PSDB, Uni\u00e3o Brasil e MDB. A candidata a vice-prefeita na chapa, Amanda de Melo (MDB), destacou seu compromisso em atuar de forma ativa e eficiente em uma eventual futura gest\u00e3o.<\/p>\n<p>Ruy Carneiro, em sua fala, ressaltou a import\u00e2ncia da uni\u00e3o dos partidos e do apoio recebido para fortalecer sua candidatura.<\/p>\n<p>A conven\u00e7\u00e3o contou com a participa\u00e7\u00e3o de diversas lideran\u00e7as pol\u00edticas, incluindo representantes dos partidos coligados, que expressaram seu apoio e confian\u00e7a na candidatura de Ruy Carneiro, por\u00e9m duas aus\u00eancias foram sentidas: a dos senadores Veneziano Vital e Efraim Filho.<\/p>\n<p><strong>PB Agora<\/strong><\/p>\n","protected":false},"excerpt":{"rendered":"<p><img loading=\"lazy\" decoding=\"async\" width=\"800\" height=\"600\" src=\"https:\/\/pbagora.s3.amazonaws.com\/2024\/08\/05194843\/WhatsApp-Image-2024-08-05-at-19.27.50.webp\" class=\"attachment-large size-large wp-post-image\" alt=\"\"><\/p>\n<p>Nesta segunda-feira, 5 de agosto, o deputado federal Ruy Carneiro (Podemos) teve sua candidatura \u00e0 prefeitura de Jo\u00e3o\u2026<\/p>\n","protected":false},"author":123457,"featured_media":0,"comment_status":"closed","ping_status":"closed","sticky":false,"template":"","format":"standard","meta":{"advgb_blocks_editor_width":"","advgb_blocks_columns_visual_guide":"","footnotes":""},"categories":[34],"tags":[35,10839,10842],"class_list":["post-49578","post","type-post","status-publish","format-standard","hentry","category-g1","tag-g1","tag-policial","tag-principal3"],"author_meta":{"display_name":"Reda\u00e7\u00e3o","author_link":"https:\/\/sindaopcpb.org.br\/author\/redacao\/"},"featured_img":null,"coauthors":[],"tax_additional":{"categories":{"linked":["<a href=\"https:\/\/sindaopcpb.org.br\/g1\/\" class=\"advgb-post-tax-term\">G1<\/a>"],"unlinked":["<span class=\"advgb-post-tax-term\">G1<\/span>"]},"tags":{"linked":["<a href=\"https:\/\/sindaopcpb.org.br\/g1\/\" class=\"advgb-post-tax-term\">g1<\/a>","<a href=\"https:\/\/sindaopcpb.org.br\/g1\/\" class=\"advgb-post-tax-term\">Policial<\/a>","<a href=\"https:\/\/sindaopcpb.org.br\/g1\/\" class=\"advgb-post-tax-term\">Principal3<\/a>"],"unlinked":["<span class=\"advgb-post-tax-term\">g1<\/span>","<span class=\"advgb-post-tax-term\">Policial<\/span>","<span class=\"advgb-post-tax-term\">Principal3<\/span>"]}},"comment_count":"0","relative_dates":{"created":"Publicado 2 anos atr\u00e1s","modified":"Atualizado 2 anos atr\u00e1s"},"absolute_dates":{"created":"Publicado em 5 de agosto de 2024","modified":"Atualizado em 5 de agosto de 2024"},"absolute_dates_time":{"created":"Publicado em 5 de agosto de 2024 19:48","modified":"Atualizado em 5 de agosto de 2024 19:48"},"featured_img_caption":"","series_order":"","_links":{"self":[{"href":"https:\/\/sindaopcpb.org.br\/index.php\/wp-json\/wp\/v2\/posts\/49578","targetHints":{"allow":["GET"]}}],"collection":[{"href":"https:\/\/sindaopcpb.org.br\/index.php\/wp-json\/wp\/v2\/posts"}],"about":[{"href":"https:\/\/sindaopcpb.org.br\/index.php\/wp-json\/wp\/v2\/types\/post"}],"author":[{"embeddable":true,"href":"https:\/\/sindaopcpb.org.br\/index.php\/wp-json\/wp\/v2\/users\/123457"}],"replies":[{"embeddable":true,"href":"https:\/\/sindaopcpb.org.br\/index.php\/wp-json\/wp\/v2\/comments?post=49578"}],"version-history":[{"count":3,"href":"https:\/\/sindaopcpb.org.br\/index.php\/wp-json\/wp\/v2\/posts\/49578\/revisions"}],"predecessor-version":[{"id":49591,"href":"https:\/\/sindaopcpb.org.br\/index.php\/wp-json\/wp\/v2\/posts\/49578\/revisions\/49591"}],"wp:attachment":[{"href":"https:\/\/sindaopcpb.org.br\/index.php\/wp-json\/wp\/v2\/media?parent=49578"}],"wp:term":[{"taxonomy":"category","embeddable":true,"href":"https:\/\/sindaopcpb.org.br\/index.php\/wp-json\/wp\/v2\/categories?post=49578"},{"taxonomy":"post_tag","embeddable":true,"href":"https:\/\/sindaopcpb.org.br\/index.php\/wp-json\/wp\/v2\/tags?post=49578"}],"curies":[{"name":"wp","href":"https:\/\/api.w.org\/{rel}","templated":true}]}}