{"id":49568,"date":"2024-08-04T17:45:24","date_gmt":"2024-08-04T20:45:24","guid":{"rendered":"https:\/\/www.pbagora.com.br\/?p=848765"},"modified":"2024-08-04T17:45:24","modified_gmt":"2024-08-04T20:45:24","slug":"policia-cumpre-tres-mandados-de-prisao-por-estupro-de-vulneravel-em-pocinhos","status":"publish","type":"post","link":"https:\/\/sindaopcpb.org.br\/index.php\/2024\/08\/04\/policia-cumpre-tres-mandados-de-prisao-por-estupro-de-vulneravel-em-pocinhos\/","title":{"rendered":"Pol\u00edcia cumpre tr\u00eas mandados de pris\u00e3o por estupro de vulner\u00e1vel em Pocinhos"},"content":{"rendered":"<p><img width=\"1000\" height=\"520\" src=\"https:\/\/pbagora.s3.amazonaws.com\/2024\/03\/20111145\/Viatura-da-Policia-Civil-1-1.jpg\" class=\"attachment-large size-large wp-post-image\" alt=\"\" style=\"margin-bottom: 20px;\" decoding=\"async\" srcset=\"https:\/\/pbagora.s3.amazonaws.com\/2024\/03\/20111145\/Viatura-da-Policia-Civil-1-1.jpg 1000w, https:\/\/pbagora.s3.amazonaws.com\/2024\/03\/20111145\/Viatura-da-Policia-Civil-1-1-300x156.jpg 300w, https:\/\/pbagora.s3.amazonaws.com\/2024\/03\/20111145\/Viatura-da-Policia-Civil-1-1-150x78.jpg 150w, https:\/\/pbagora.s3.amazonaws.com\/2024\/03\/20111145\/Viatura-da-Policia-Civil-1-1-768x399.jpg 768w, https:\/\/pbagora.s3.amazonaws.com\/2024\/03\/20111145\/Viatura-da-Policia-Civil-1-1-380x198.jpg 380w, https:\/\/pbagora.s3.amazonaws.com\/2024\/03\/20111145\/Viatura-da-Policia-Civil-1-1-800x416.jpg 800w, https:\/\/pbagora.s3.amazonaws.com\/2024\/03\/20111145\/Viatura-da-Policia-Civil-1-1-80x42.jpg 80w, https:\/\/pbagora.s3.amazonaws.com\/2024\/03\/20111145\/Viatura-da-Policia-Civil-1-1-760x395.jpg 760w, https:\/\/pbagora.s3.amazonaws.com\/2024\/03\/20111145\/Viatura-da-Policia-Civil-1-1-600x312.jpg 600w\" sizes=\"(max-width: 1000px) 100vw, 1000px\" \/><\/p><p>Policiais do 15\u00ba Batalh\u00e3o de Pol\u00edcia Militar cumpriram, nesse s\u00e1bado (3), tr\u00eas mandados de pris\u00e3o preventiva em Pocinhos, relacionados ao crime de estupro de vulner\u00e1vel.<\/p>\n<p>Entre os presos est\u00e3o um homem de 70 anos, principal suspeito, e dois familiares da v\u00edtima, tamb\u00e9m envolvidos no caso.<\/p>\n<p>As pris\u00f5es ocorreram ap\u00f3s den\u00fancias e dilig\u00eancias realizadas pela For\u00e7a T\u00e1tica. Os homens foram encaminhados para a delegacia de Esperan\u00e7a, onde permanecem \u00e0 disposi\u00e7\u00e3o da Justi\u00e7a.<\/p>\n<p>A v\u00edtima recebeu suporte necess\u00e1rio e o caso segue sob sigilo.<\/p>\n<p>&nbsp;<\/p>\n<p><em><strong>Secom-PB<\/strong><\/em><\/p>\n","protected":false},"excerpt":{"rendered":"<p><img loading=\"lazy\" decoding=\"async\" width=\"1000\" height=\"520\" src=\"https:\/\/pbagora.s3.amazonaws.com\/2024\/03\/20111145\/Viatura-da-Policia-Civil-1-1.jpg\" class=\"attachment-large size-large wp-post-image\" alt=\"\"><\/p>\n<p>Policiais do 15\u00ba Batalh\u00e3o de Pol\u00edcia Militar cumpriram, nesse s\u00e1bado (3), tr\u00eas mandados de pris\u00e3o preventiva em Pocinhos,\u2026<\/p>\n","protected":false},"author":123457,"featured_media":0,"comment_status":"closed","ping_status":"closed","sticky":false,"template":"","format":"standard","meta":{"advgb_blocks_editor_width":"","advgb_blocks_columns_visual_guide":"","footnotes":""},"categories":[34],"tags":[10841,35,10839],"class_list":["post-49568","post","type-post","status-publish","format-standard","hentry","category-g1","tag-destaque-centro-02","tag-g1","tag-policial"],"author_meta":{"display_name":"Reda\u00e7\u00e3o","author_link":"https:\/\/sindaopcpb.org.br\/author\/redacao\/"},"featured_img":null,"coauthors":[],"tax_additional":{"categories":{"linked":["<a href=\"https:\/\/sindaopcpb.org.br\/g1\/\" class=\"advgb-post-tax-term\">G1<\/a>"],"unlinked":["<span class=\"advgb-post-tax-term\">G1<\/span>"]},"tags":{"linked":["<a href=\"https:\/\/sindaopcpb.org.br\/g1\/\" class=\"advgb-post-tax-term\">Destaque Centro 02<\/a>","<a href=\"https:\/\/sindaopcpb.org.br\/g1\/\" class=\"advgb-post-tax-term\">g1<\/a>","<a href=\"https:\/\/sindaopcpb.org.br\/g1\/\" class=\"advgb-post-tax-term\">Policial<\/a>"],"unlinked":["<span class=\"advgb-post-tax-term\">Destaque Centro 02<\/span>","<span class=\"advgb-post-tax-term\">g1<\/span>","<span class=\"advgb-post-tax-term\">Policial<\/span>"]}},"comment_count":"0","relative_dates":{"created":"Publicado 2 anos atr\u00e1s","modified":"Atualizado 2 anos atr\u00e1s"},"absolute_dates":{"created":"Publicado em 4 de agosto de 2024","modified":"Atualizado em 4 de agosto de 2024"},"absolute_dates_time":{"created":"Publicado em 4 de agosto de 2024 17:45","modified":"Atualizado em 4 de agosto de 2024 17:45"},"featured_img_caption":"","series_order":"","_links":{"self":[{"href":"https:\/\/sindaopcpb.org.br\/index.php\/wp-json\/wp\/v2\/posts\/49568","targetHints":{"allow":["GET"]}}],"collection":[{"href":"https:\/\/sindaopcpb.org.br\/index.php\/wp-json\/wp\/v2\/posts"}],"about":[{"href":"https:\/\/sindaopcpb.org.br\/index.php\/wp-json\/wp\/v2\/types\/post"}],"author":[{"embeddable":true,"href":"https:\/\/sindaopcpb.org.br\/index.php\/wp-json\/wp\/v2\/users\/123457"}],"replies":[{"embeddable":true,"href":"https:\/\/sindaopcpb.org.br\/index.php\/wp-json\/wp\/v2\/comments?post=49568"}],"version-history":[{"count":3,"href":"https:\/\/sindaopcpb.org.br\/index.php\/wp-json\/wp\/v2\/posts\/49568\/revisions"}],"predecessor-version":[{"id":49581,"href":"https:\/\/sindaopcpb.org.br\/index.php\/wp-json\/wp\/v2\/posts\/49568\/revisions\/49581"}],"wp:attachment":[{"href":"https:\/\/sindaopcpb.org.br\/index.php\/wp-json\/wp\/v2\/media?parent=49568"}],"wp:term":[{"taxonomy":"category","embeddable":true,"href":"https:\/\/sindaopcpb.org.br\/index.php\/wp-json\/wp\/v2\/categories?post=49568"},{"taxonomy":"post_tag","embeddable":true,"href":"https:\/\/sindaopcpb.org.br\/index.php\/wp-json\/wp\/v2\/tags?post=49568"}],"curies":[{"name":"wp","href":"https:\/\/api.w.org\/{rel}","templated":true}]}}