{"id":49533,"date":"2024-08-02T15:32:52","date_gmt":"2024-08-02T18:32:52","guid":{"rendered":"https:\/\/www.pbagora.com.br\/?p=848431"},"modified":"2024-08-02T15:32:52","modified_gmt":"2024-08-02T18:32:52","slug":"prf-apreende-tres-motocicletas-e-mercadorias-falsificadas-em-joao-pessoa-pb-e-regiao","status":"publish","type":"post","link":"https:\/\/sindaopcpb.org.br\/index.php\/2024\/08\/02\/prf-apreende-tres-motocicletas-e-mercadorias-falsificadas-em-joao-pessoa-pb-e-regiao\/","title":{"rendered":"PRF apreende tr\u00eas motocicletas e mercadorias falsificadas em Jo\u00e3o Pessoa-PB e regi\u00e3o"},"content":{"rendered":"<p><img width=\"1024\" height=\"810\" src=\"https:\/\/pbagora.s3.amazonaws.com\/2024\/08\/02132947\/WhatsApp-Image-2024-08-02-at-11.50.43-e1722616229615-1024x810.jpeg\" class=\"attachment-large size-large wp-post-image\" alt=\"\" style=\"margin-bottom: 20px;\" decoding=\"async\" srcset=\"https:\/\/pbagora.s3.amazonaws.com\/2024\/08\/02132947\/WhatsApp-Image-2024-08-02-at-11.50.43-e1722616229615-1024x810.jpeg 1024w, https:\/\/pbagora.s3.amazonaws.com\/2024\/08\/02132947\/WhatsApp-Image-2024-08-02-at-11.50.43-e1722616229615-300x237.jpeg 300w, https:\/\/pbagora.s3.amazonaws.com\/2024\/08\/02132947\/WhatsApp-Image-2024-08-02-at-11.50.43-e1722616229615-150x119.jpeg 150w, https:\/\/pbagora.s3.amazonaws.com\/2024\/08\/02132947\/WhatsApp-Image-2024-08-02-at-11.50.43-e1722616229615-768x607.jpeg 768w, https:\/\/pbagora.s3.amazonaws.com\/2024\/08\/02132947\/WhatsApp-Image-2024-08-02-at-11.50.43-e1722616229615-380x301.jpeg 380w, https:\/\/pbagora.s3.amazonaws.com\/2024\/08\/02132947\/WhatsApp-Image-2024-08-02-at-11.50.43-e1722616229615-800x633.jpeg 800w, https:\/\/pbagora.s3.amazonaws.com\/2024\/08\/02132947\/WhatsApp-Image-2024-08-02-at-11.50.43-e1722616229615-1160x917.jpeg 1160w, https:\/\/pbagora.s3.amazonaws.com\/2024\/08\/02132947\/WhatsApp-Image-2024-08-02-at-11.50.43-e1722616229615-80x63.jpeg 80w, https:\/\/pbagora.s3.amazonaws.com\/2024\/08\/02132947\/WhatsApp-Image-2024-08-02-at-11.50.43-e1722616229615-760x601.jpeg 760w, https:\/\/pbagora.s3.amazonaws.com\/2024\/08\/02132947\/WhatsApp-Image-2024-08-02-at-11.50.43-e1722616229615-600x475.jpeg 600w, https:\/\/pbagora.s3.amazonaws.com\/2024\/08\/02132947\/WhatsApp-Image-2024-08-02-at-11.50.43-e1722616229615.jpeg 1200w\" sizes=\"(max-width: 1024px) 100vw, 1024px\" \/><\/p><p>A Pol\u00edcia Rodovi\u00e1ria Federal (PRF) na Para\u00edba intensificou o combate \u00e0 criminalidade nas rodovias paraibanas e, em diversas a\u00e7\u00f5es realizadas na \u00faltima quinta-feira (01), nos munic\u00edpios de Jo\u00e3o Pessoa, Sobrado, Santa Rita e Alhandra, apreendeu motocicletas com adultera\u00e7\u00e3o ou roubadas\/furtadas, ve\u00edculos com produtos de proced\u00eancia duvidosa e prendeu suspeitos por diversos crimes.<\/p>\n<p>Em Jo\u00e3o Pessoa-PB, no in\u00edcio da manh\u00e3 de ontem (01), \u00e0s 06h30,durante patrulhamento t\u00e1tico na BR-230, km 25, uma equipe da PRF abordou um motociclista que trafegava sem viseira. Ao verificar a documenta\u00e7\u00e3o, os policiais constataram que a motocicleta HONDA\/CG 150 TITAN KS apresentava sinais de adultera\u00e7\u00e3o. O condutor, um homem de 31 anos, j\u00e1 possu\u00eda passagem por recepta\u00e7\u00e3o e utilizava tornozeleira eletr\u00f4nica. Ele foi detido e encaminhado \u00e0 Central de Flagrantes, onde poder\u00e1 responder criminalmente por adultera\u00e7\u00e3o.<\/p>\n<p>No munic\u00edpio de Sobrado-PB, por volta das 13h30, na BR-230, km 75, um motociclista foi abordado e os policiais identificaram ind\u00edcios de adultera\u00e7\u00e3o nos sinais identificadores da HONDA\/NXR160 BROS ESD. O condutor, um jovem de 26 anos, n\u00e3o possu\u00eda a documenta\u00e7\u00e3o da motocicleta e apresentou vers\u00f5es contradit\u00f3rias sobre a origem do ve\u00edculo. Diante dos fatos observados, ele foi detido e encaminhado para as autoridades cab\u00edveis, onde tamb\u00e9m poder\u00e1 responder por adultera\u00e7\u00e3o.<\/p>\n<p>J\u00e1 em Santa Rita-PB, \u00e0s 18h30, na BR-230, km 48, uma equipe do N\u00facleo de Opera\u00e7\u00f5es Especiais (NOE) abordou um motociclista que conduzia uma HONDA\/CG 160 START com restri\u00e7\u00e3o de roubo\/furto. O condutor, homem de 24 anos, diante do registro, declarou verbalmente um registro de roubo que n\u00e3o condizia com as informa\u00e7\u00f5es ver\u00eddicas obtidas pelos policiais. Sendo assim, ele foi detido e conduzido para a Delegacia Judici\u00e1ria do munic\u00edpio, onde poder\u00e1 responder criminalmente por recepta\u00e7\u00e3o de ve\u00edculo.<\/p>\n<p>A \u00faltima ocorr\u00eancia do dia se deu no munic\u00edpio de Alhandra-PB, por volta das 20h, durante fiscaliza\u00e7\u00e3o na BR-101, km 107, quando uma equipe da PRF abordou um ve\u00edculo Fiat Ducato. Durante a abordagem, os agentes encontraram diversas caixas de cal\u00e7ados e sand\u00e1lias de marcas famosas, sem a documenta\u00e7\u00e3o fiscal necess\u00e1ria e com ind\u00edcios claros de falsifica\u00e7\u00e3o. Diante das evid\u00eancias, o condutor, um homem de 47 anos, foi preso em flagrante por importar, exportar, vender, oferecer, expor \u00e0 venda, ter em estoque produto assinalado com marca ilicitamente reproduzida. O material apreendido foi encaminhado para a pol\u00edcia judici\u00e1ria.<\/p>\n","protected":false},"excerpt":{"rendered":"<p><img loading=\"lazy\" decoding=\"async\" width=\"1024\" height=\"810\" src=\"https:\/\/pbagora.s3.amazonaws.com\/2024\/08\/02132947\/WhatsApp-Image-2024-08-02-at-11.50.43-e1722616229615-1024x810.jpeg\" class=\"attachment-large size-large wp-post-image\" alt=\"\"><\/p>\n<p>A Pol\u00edcia Rodovi\u00e1ria Federal (PRF) na Para\u00edba intensificou o combate \u00e0 criminalidade nas rodovias paraibanas e, em diversas\u2026<\/p>\n","protected":false},"author":123458,"featured_media":0,"comment_status":"closed","ping_status":"closed","sticky":false,"template":"","format":"standard","meta":{"advgb_blocks_editor_width":"","advgb_blocks_columns_visual_guide":"","footnotes":""},"categories":[34],"tags":[10845,35,10839],"class_list":["post-49533","post","type-post","status-publish","format-standard","hentry","category-g1","tag-destaque-centro-01","tag-g1","tag-policial"],"author_meta":{"display_name":"Feliphe Rojas","author_link":"https:\/\/sindaopcpb.org.br\/author\/feliphe-rojas\/"},"featured_img":null,"coauthors":[],"tax_additional":{"categories":{"linked":["<a href=\"https:\/\/sindaopcpb.org.br\/g1\/\" class=\"advgb-post-tax-term\">G1<\/a>"],"unlinked":["<span class=\"advgb-post-tax-term\">G1<\/span>"]},"tags":{"linked":["<a href=\"https:\/\/sindaopcpb.org.br\/g1\/\" class=\"advgb-post-tax-term\">Destaque Centro 01<\/a>","<a href=\"https:\/\/sindaopcpb.org.br\/g1\/\" class=\"advgb-post-tax-term\">g1<\/a>","<a href=\"https:\/\/sindaopcpb.org.br\/g1\/\" class=\"advgb-post-tax-term\">Policial<\/a>"],"unlinked":["<span class=\"advgb-post-tax-term\">Destaque Centro 01<\/span>","<span class=\"advgb-post-tax-term\">g1<\/span>","<span class=\"advgb-post-tax-term\">Policial<\/span>"]}},"comment_count":"0","relative_dates":{"created":"Publicado 2 anos atr\u00e1s","modified":"Atualizado 2 anos atr\u00e1s"},"absolute_dates":{"created":"Publicado em 2 de agosto de 2024","modified":"Atualizado em 2 de agosto de 2024"},"absolute_dates_time":{"created":"Publicado em 2 de agosto de 2024 15:32","modified":"Atualizado em 2 de agosto de 2024 15:32"},"featured_img_caption":"","series_order":"","_links":{"self":[{"href":"https:\/\/sindaopcpb.org.br\/index.php\/wp-json\/wp\/v2\/posts\/49533","targetHints":{"allow":["GET"]}}],"collection":[{"href":"https:\/\/sindaopcpb.org.br\/index.php\/wp-json\/wp\/v2\/posts"}],"about":[{"href":"https:\/\/sindaopcpb.org.br\/index.php\/wp-json\/wp\/v2\/types\/post"}],"author":[{"embeddable":true,"href":"https:\/\/sindaopcpb.org.br\/index.php\/wp-json\/wp\/v2\/users\/123458"}],"replies":[{"embeddable":true,"href":"https:\/\/sindaopcpb.org.br\/index.php\/wp-json\/wp\/v2\/comments?post=49533"}],"version-history":[{"count":3,"href":"https:\/\/sindaopcpb.org.br\/index.php\/wp-json\/wp\/v2\/posts\/49533\/revisions"}],"predecessor-version":[{"id":49546,"href":"https:\/\/sindaopcpb.org.br\/index.php\/wp-json\/wp\/v2\/posts\/49533\/revisions\/49546"}],"wp:attachment":[{"href":"https:\/\/sindaopcpb.org.br\/index.php\/wp-json\/wp\/v2\/media?parent=49533"}],"wp:term":[{"taxonomy":"category","embeddable":true,"href":"https:\/\/sindaopcpb.org.br\/index.php\/wp-json\/wp\/v2\/categories?post=49533"},{"taxonomy":"post_tag","embeddable":true,"href":"https:\/\/sindaopcpb.org.br\/index.php\/wp-json\/wp\/v2\/tags?post=49533"}],"curies":[{"name":"wp","href":"https:\/\/api.w.org\/{rel}","templated":true}]}}