{"id":49527,"date":"2024-08-02T11:30:56","date_gmt":"2024-08-02T14:30:56","guid":{"rendered":"https:\/\/www.pbagora.com.br\/?p=848367"},"modified":"2024-08-02T13:03:56","modified_gmt":"2024-08-02T16:03:56","slug":"apos-confronto-pm-apreende-pistola-mira-laser-e-mais-de-360-porcoes-de-drogas-em-staa-rita","status":"publish","type":"post","link":"https:\/\/sindaopcpb.org.br\/index.php\/2024\/08\/02\/apos-confronto-pm-apreende-pistola-mira-laser-e-mais-de-360-porcoes-de-drogas-em-staa-rita\/","title":{"rendered":"Ap\u00f3s confronto, PM apreende pistola, mira laser, e mais de 360 por\u00e7\u00f5es de drogas em Sta\u00aa Rita"},"content":{"rendered":"<p><img width=\"768\" height=\"1024\" src=\"https:\/\/pbagora.s3.amazonaws.com\/2024\/08\/02113043\/santarita-1-768x1024.jpeg\" class=\"attachment-large size-large wp-post-image\" alt=\"\" style=\"margin-bottom: 20px;\" decoding=\"async\" loading=\"lazy\" srcset=\"https:\/\/pbagora.s3.amazonaws.com\/2024\/08\/02113043\/santarita-1-768x1024.jpeg 768w, https:\/\/pbagora.s3.amazonaws.com\/2024\/08\/02113043\/santarita-1-225x300.jpeg 225w, https:\/\/pbagora.s3.amazonaws.com\/2024\/08\/02113043\/santarita-1-113x150.jpeg 113w, https:\/\/pbagora.s3.amazonaws.com\/2024\/08\/02113043\/santarita-1-1152x1536.jpeg 1152w, https:\/\/pbagora.s3.amazonaws.com\/2024\/08\/02113043\/santarita-1-1536x2048.jpeg 1536w, https:\/\/pbagora.s3.amazonaws.com\/2024\/08\/02113043\/santarita-1-380x507.jpeg 380w, https:\/\/pbagora.s3.amazonaws.com\/2024\/08\/02113043\/santarita-1-800x1067.jpeg 800w, https:\/\/pbagora.s3.amazonaws.com\/2024\/08\/02113043\/santarita-1-1160x1547.jpeg 1160w, https:\/\/pbagora.s3.amazonaws.com\/2024\/08\/02113043\/santarita-1-80x107.jpeg 80w, https:\/\/pbagora.s3.amazonaws.com\/2024\/08\/02113043\/santarita-1-60x80.jpeg 60w, https:\/\/pbagora.s3.amazonaws.com\/2024\/08\/02113043\/santarita-1-2304x3072.jpeg 2304w, https:\/\/pbagora.s3.amazonaws.com\/2024\/08\/02113043\/santarita-1-760x1013.jpeg 760w, https:\/\/pbagora.s3.amazonaws.com\/2024\/08\/02113043\/santarita-1-450x600.jpeg 450w, https:\/\/pbagora.s3.amazonaws.com\/2024\/08\/02113043\/santarita-1-scaled.jpeg 1920w\" sizes=\"(max-width: 768px) 100vw, 768px\" \/><\/p><p>Pistola, mira laser, muni\u00e7\u00f5es, celulares, e mais de 360 por\u00e7\u00f5es de diversas drogas. Todo este material foi apreendido com dois criminosos que entraram em confronto com a Pol\u00edcia Militar na noite da \u00faltima quinta-feira (1\u00ba) na Grande Jo\u00e3o Pessoa. Os acusados foram presos.<\/p>\n<p>De acordo com o 7\u00ba Batalh\u00e3o, unidade respons\u00e1vel pela a\u00e7\u00e3o, os acusados foram flagrados pela For\u00e7a T\u00e1tico no local conhecido como \u201cRua do Rato\u201d, no bairro Popular, em Santa Rita. Houve confronto com os bandidos e pris\u00e3o dos acusados. Na regi\u00e3o, os policiais apreenderam 364 por\u00e7\u00f5es de maconha, crack, coca\u00edna, uma pistola, muni\u00e7\u00f5es, mira laser, balan\u00e7as de precis\u00e3o, dinheiro e celulares.<\/p>\n<p>A dupla ferida recebeu atendimento m\u00e9dico e, em seguida, foi encaminhada para a delegacia para a devida autua\u00e7\u00e3o, junto com os materiais do tr\u00e1fico.<\/p>\n<p>Abordagem &#8211; Ainda na noite de quinta-feira, outra arma de fogo tamb\u00e9m foi apreendida em Santa Rita. Uma pistola calibre 9 mil\u00edmetros foi localizada com um homem em um carro, nas proximidades do Hospital Metropolitano. O caso foi encaminhado para a delegacia. <\/p>\n<p><strong>PB Agora<\/strong><\/p>\n","protected":false},"excerpt":{"rendered":"<p><img loading=\"lazy\" decoding=\"async\" width=\"768\" height=\"1024\" src=\"https:\/\/pbagora.s3.amazonaws.com\/2024\/08\/02113043\/santarita-1-768x1024.jpeg\" class=\"attachment-large size-large wp-post-image\" alt=\"\"><\/p>\n<p>Pistola, mira laser, muni\u00e7\u00f5es, celulares, e mais de 360 por\u00e7\u00f5es de diversas drogas. Todo este material foi apreendido\u2026<\/p>\n","protected":false},"author":123457,"featured_media":0,"comment_status":"closed","ping_status":"closed","sticky":false,"template":"","format":"standard","meta":{"advgb_blocks_editor_width":"","advgb_blocks_columns_visual_guide":"","footnotes":""},"categories":[34],"tags":[10841,35,10839],"class_list":["post-49527","post","type-post","status-publish","format-standard","hentry","category-g1","tag-destaque-centro-02","tag-g1","tag-policial"],"author_meta":{"display_name":"Reda\u00e7\u00e3o","author_link":"https:\/\/sindaopcpb.org.br\/author\/redacao\/"},"featured_img":null,"coauthors":[],"tax_additional":{"categories":{"linked":["<a href=\"https:\/\/sindaopcpb.org.br\/g1\/\" class=\"advgb-post-tax-term\">G1<\/a>"],"unlinked":["<span class=\"advgb-post-tax-term\">G1<\/span>"]},"tags":{"linked":["<a href=\"https:\/\/sindaopcpb.org.br\/g1\/\" class=\"advgb-post-tax-term\">Destaque Centro 02<\/a>","<a href=\"https:\/\/sindaopcpb.org.br\/g1\/\" class=\"advgb-post-tax-term\">g1<\/a>","<a href=\"https:\/\/sindaopcpb.org.br\/g1\/\" class=\"advgb-post-tax-term\">Policial<\/a>"],"unlinked":["<span class=\"advgb-post-tax-term\">Destaque Centro 02<\/span>","<span class=\"advgb-post-tax-term\">g1<\/span>","<span class=\"advgb-post-tax-term\">Policial<\/span>"]}},"comment_count":"0","relative_dates":{"created":"Publicado 2 anos atr\u00e1s","modified":"Atualizado 2 anos atr\u00e1s"},"absolute_dates":{"created":"Publicado em 2 de agosto de 2024","modified":"Atualizado em 2 de agosto de 2024"},"absolute_dates_time":{"created":"Publicado em 2 de agosto de 2024 11:30","modified":"Atualizado em 2 de agosto de 2024 13:03"},"featured_img_caption":"","series_order":"","_links":{"self":[{"href":"https:\/\/sindaopcpb.org.br\/index.php\/wp-json\/wp\/v2\/posts\/49527","targetHints":{"allow":["GET"]}}],"collection":[{"href":"https:\/\/sindaopcpb.org.br\/index.php\/wp-json\/wp\/v2\/posts"}],"about":[{"href":"https:\/\/sindaopcpb.org.br\/index.php\/wp-json\/wp\/v2\/types\/post"}],"author":[{"embeddable":true,"href":"https:\/\/sindaopcpb.org.br\/index.php\/wp-json\/wp\/v2\/users\/123457"}],"replies":[{"embeddable":true,"href":"https:\/\/sindaopcpb.org.br\/index.php\/wp-json\/wp\/v2\/comments?post=49527"}],"version-history":[{"count":3,"href":"https:\/\/sindaopcpb.org.br\/index.php\/wp-json\/wp\/v2\/posts\/49527\/revisions"}],"predecessor-version":[{"id":49536,"href":"https:\/\/sindaopcpb.org.br\/index.php\/wp-json\/wp\/v2\/posts\/49527\/revisions\/49536"}],"wp:attachment":[{"href":"https:\/\/sindaopcpb.org.br\/index.php\/wp-json\/wp\/v2\/media?parent=49527"}],"wp:term":[{"taxonomy":"category","embeddable":true,"href":"https:\/\/sindaopcpb.org.br\/index.php\/wp-json\/wp\/v2\/categories?post=49527"},{"taxonomy":"post_tag","embeddable":true,"href":"https:\/\/sindaopcpb.org.br\/index.php\/wp-json\/wp\/v2\/tags?post=49527"}],"curies":[{"name":"wp","href":"https:\/\/api.w.org\/{rel}","templated":true}]}}