{"id":49525,"date":"2024-08-02T11:32:56","date_gmt":"2024-08-02T14:32:56","guid":{"rendered":"https:\/\/www.pbagora.com.br\/?p=848372"},"modified":"2024-08-02T13:06:56","modified_gmt":"2024-08-02T16:06:56","slug":"acusado-de-trafico-que-embalava-drogas-com-imagens-de-desenhos-animados-e-preso-em-cg","status":"publish","type":"post","link":"https:\/\/sindaopcpb.org.br\/index.php\/2024\/08\/02\/acusado-de-trafico-que-embalava-drogas-com-imagens-de-desenhos-animados-e-preso-em-cg\/","title":{"rendered":"Acusado de tr\u00e1fico que embalava drogas com imagens de desenhos animados \u00e9 preso em CG"},"content":{"rendered":"<p><img width=\"831\" height=\"1024\" src=\"https:\/\/pbagora.s3.amazonaws.com\/2024\/08\/02113247\/desenho-831x1024.jpeg\" class=\"attachment-large size-large wp-post-image\" alt=\"\" style=\"margin-bottom: 20px;\" decoding=\"async\" srcset=\"https:\/\/pbagora.s3.amazonaws.com\/2024\/08\/02113247\/desenho-831x1024.jpeg 831w, https:\/\/pbagora.s3.amazonaws.com\/2024\/08\/02113247\/desenho-243x300.jpeg 243w, https:\/\/pbagora.s3.amazonaws.com\/2024\/08\/02113247\/desenho-122x150.jpeg 122w, https:\/\/pbagora.s3.amazonaws.com\/2024\/08\/02113247\/desenho-768x947.jpeg 768w, https:\/\/pbagora.s3.amazonaws.com\/2024\/08\/02113247\/desenho-1246x1536.jpeg 1246w, https:\/\/pbagora.s3.amazonaws.com\/2024\/08\/02113247\/desenho-380x468.jpeg 380w, https:\/\/pbagora.s3.amazonaws.com\/2024\/08\/02113247\/desenho-800x986.jpeg 800w, https:\/\/pbagora.s3.amazonaws.com\/2024\/08\/02113247\/desenho-1160x1430.jpeg 1160w, https:\/\/pbagora.s3.amazonaws.com\/2024\/08\/02113247\/desenho-80x99.jpeg 80w, https:\/\/pbagora.s3.amazonaws.com\/2024\/08\/02113247\/desenho-65x80.jpeg 65w, https:\/\/pbagora.s3.amazonaws.com\/2024\/08\/02113247\/desenho-760x937.jpeg 760w, https:\/\/pbagora.s3.amazonaws.com\/2024\/08\/02113247\/desenho-487x600.jpeg 487w, https:\/\/pbagora.s3.amazonaws.com\/2024\/08\/02113247\/desenho.jpeg 1298w\" sizes=\"(max-width: 831px) 100vw, 831px\" \/><\/p><p>Um homem que j\u00e1 havia sido preso pelo crime de roubo, foi preso novamente traficando drogas em Campina Grande, no fim da tarde da \u00faltima quinta-feira (1\u00ba). Dessa vez, o acusado estava com diversas por\u00e7\u00f5es de entorpecentes, e que nas embalagens traziam at\u00e9 imagens de desenhos animados.<\/p>\n<p>A pris\u00e3o ocorreu no Jos\u00e9 Pinheiro, regi\u00e3o leste da cidade, e foi realizada pelos policiais do 2\u00ba Esquadr\u00e3o do Regimento de Opera\u00e7\u00f5es T\u00e1ticas com Apoio de Motocicletas (Rotam). Ao perceber a chegada do motopatrulhamento na regi\u00e3o, o acusado tentou se desfazer dos entorpecentes, mas o ato foi frustrado. Com ele os policiais apreenderam 125 por\u00e7\u00f5es de diversas drogas, como maconha, coca\u00edna, haxixe, skank e crack. Entre as embalagens, imagens de desenhos animados.<\/p>\n<p>O caso foi encaminhado para a delegacia para a devida autua\u00e7\u00e3o.<\/p>\n<p>Reincid\u00eancia \u2013 De acordo com o 2\u00ba Esquadr\u00e3o, o homem preso dificultou a identifica\u00e7\u00e3o mas foi constatado que ele tinha 22 anos de idade, e que j\u00e1 havia sido preso anteriormente pelo crime de roubo. <\/p>\n<p><strong>PB Agora<\/strong><\/p>\n","protected":false},"excerpt":{"rendered":"<p><img loading=\"lazy\" decoding=\"async\" width=\"831\" height=\"1024\" src=\"https:\/\/pbagora.s3.amazonaws.com\/2024\/08\/02113247\/desenho-831x1024.jpeg\" class=\"attachment-large size-large wp-post-image\" alt=\"\"><\/p>\n<p>Um homem que j\u00e1 havia sido preso pelo crime de roubo, foi preso novamente traficando drogas em Campina\u2026<\/p>\n","protected":false},"author":123457,"featured_media":0,"comment_status":"closed","ping_status":"closed","sticky":false,"template":"","format":"standard","meta":{"advgb_blocks_editor_width":"","advgb_blocks_columns_visual_guide":"","footnotes":""},"categories":[34],"tags":[10840,35,10839],"class_list":["post-49525","post","type-post","status-publish","format-standard","hentry","category-g1","tag-destaque-centro-03","tag-g1","tag-policial"],"author_meta":{"display_name":"Reda\u00e7\u00e3o","author_link":"https:\/\/sindaopcpb.org.br\/author\/redacao\/"},"featured_img":null,"coauthors":[],"tax_additional":{"categories":{"linked":["<a href=\"https:\/\/sindaopcpb.org.br\/g1\/\" class=\"advgb-post-tax-term\">G1<\/a>"],"unlinked":["<span class=\"advgb-post-tax-term\">G1<\/span>"]},"tags":{"linked":["<a href=\"https:\/\/sindaopcpb.org.br\/g1\/\" class=\"advgb-post-tax-term\">Destaque Centro 03<\/a>","<a href=\"https:\/\/sindaopcpb.org.br\/g1\/\" class=\"advgb-post-tax-term\">g1<\/a>","<a href=\"https:\/\/sindaopcpb.org.br\/g1\/\" class=\"advgb-post-tax-term\">Policial<\/a>"],"unlinked":["<span class=\"advgb-post-tax-term\">Destaque Centro 03<\/span>","<span class=\"advgb-post-tax-term\">g1<\/span>","<span class=\"advgb-post-tax-term\">Policial<\/span>"]}},"comment_count":"0","relative_dates":{"created":"Publicado 2 anos atr\u00e1s","modified":"Atualizado 2 anos atr\u00e1s"},"absolute_dates":{"created":"Publicado em 2 de agosto de 2024","modified":"Atualizado em 2 de agosto de 2024"},"absolute_dates_time":{"created":"Publicado em 2 de agosto de 2024 11:32","modified":"Atualizado em 2 de agosto de 2024 13:06"},"featured_img_caption":"","series_order":"","_links":{"self":[{"href":"https:\/\/sindaopcpb.org.br\/index.php\/wp-json\/wp\/v2\/posts\/49525","targetHints":{"allow":["GET"]}}],"collection":[{"href":"https:\/\/sindaopcpb.org.br\/index.php\/wp-json\/wp\/v2\/posts"}],"about":[{"href":"https:\/\/sindaopcpb.org.br\/index.php\/wp-json\/wp\/v2\/types\/post"}],"author":[{"embeddable":true,"href":"https:\/\/sindaopcpb.org.br\/index.php\/wp-json\/wp\/v2\/users\/123457"}],"replies":[{"embeddable":true,"href":"https:\/\/sindaopcpb.org.br\/index.php\/wp-json\/wp\/v2\/comments?post=49525"}],"version-history":[{"count":4,"href":"https:\/\/sindaopcpb.org.br\/index.php\/wp-json\/wp\/v2\/posts\/49525\/revisions"}],"predecessor-version":[{"id":49540,"href":"https:\/\/sindaopcpb.org.br\/index.php\/wp-json\/wp\/v2\/posts\/49525\/revisions\/49540"}],"wp:attachment":[{"href":"https:\/\/sindaopcpb.org.br\/index.php\/wp-json\/wp\/v2\/media?parent=49525"}],"wp:term":[{"taxonomy":"category","embeddable":true,"href":"https:\/\/sindaopcpb.org.br\/index.php\/wp-json\/wp\/v2\/categories?post=49525"},{"taxonomy":"post_tag","embeddable":true,"href":"https:\/\/sindaopcpb.org.br\/index.php\/wp-json\/wp\/v2\/tags?post=49525"}],"curies":[{"name":"wp","href":"https:\/\/api.w.org\/{rel}","templated":true}]}}