{"id":4952,"date":"2022-10-11T19:13:18","date_gmt":"2022-10-11T22:13:18","guid":{"rendered":"https:\/\/g1.globo.com\/pb\/paraiba\/noticia\/2022\/10\/11\/joao-pessoa-tem-programacao-religiosa-no-dia-de-nossa-senhora-aparecida-veja-horarios-e-locais.ghtml"},"modified":"2022-10-11T19:13:18","modified_gmt":"2022-10-11T22:13:18","slug":"joao-pessoa-tem-programacao-religiosa-no-dia-de-nossa-senhora-aparecida-veja-horarios-e-locais","status":"publish","type":"post","link":"https:\/\/sindaopcpb.org.br\/index.php\/2022\/10\/11\/joao-pessoa-tem-programacao-religiosa-no-dia-de-nossa-senhora-aparecida-veja-horarios-e-locais\/","title":{"rendered":"Jo\u00e3o Pessoa tem programa\u00e7\u00e3o religiosa no Dia de Nossa Senhora Aparecida; veja hor\u00e1rios e locais"},"content":{"rendered":"   <img src=\"https:\/\/s2.glbimg.com\/S3fImXadCumVC-Gz5Vw9YXtSq0I=\/i.s3.glbimg.com\/v1\/AUTH_59edd422c0c84a879bd37670ae4f538a\/internal_photos\/bs\/2019\/V\/Q\/hTdA2gRVic5jZGbEZnBg\/img-0551.jpg\" \/><br \/>   Celebra\u00e7\u00f5es \u00e0 padroeira do Brasil acontecem em quatro par\u00f3quias da capital.  Santa, considerada Padroeira do Brasil, \u00e9 celebrada no dia 12 de outubro\nCarlos Santos\/ G1\nJo\u00e3o Pessoa ter\u00e1 nesta quarta-feira (12) celebra\u00e7\u00f5es do Dia de Nossa Senhora Aparecida, a padroeira do Brasil. A programa\u00e7\u00e3o \u00e9 realizada em v\u00e1rios bairros da capital, com of\u00edcios, missas e prociss\u00f5es. \nAs celebra\u00e7\u00f5es acontecem nas par\u00f3quias Nossa Senhora da Concei\u00e7\u00e3o Aparecida, no bairro do Valentina;  Nossa Senhora Aparecida, no Cristo Redentor; Nossa Senhora Aparecida, no bairro 13 de maio; e Nossa Senhora da Concei\u00e7\u00e3o Aparecida, no bairro Colinas do Sul. \nVeja programa\u00e7\u00e3o completa das celebra\u00e7\u00f5es do Dia de Nossa Senhora Aparecida em Jo\u00e3o Pessoa: \nNossa Senhora da Concei\u00e7\u00e3o Aparecida - Valentina de Figueir\u00eado \n6h - Of\u00edcio\n6h30 - Santa Missa \n9h - Missa Solene\nTarde: Prociss\u00e3o \nNossa Senhora Aparecida - Cristo Redentor\n6h - Of\u00edcio \n18h - Santa Missa \nNossa Senhora da Concei\u00e7\u00e3o Aparecida - Colinas do Sul\n15h30 - Prociss\u00e3o com sa\u00edda na Pra\u00e7a Gerv\u00e1sio Maia \n18h - Santa Missa \nNossa Senhora Aparecida - 13 de maio\n7h - Carreata \n8h - Caf\u00e9 \n9h - Missa \n16h - Missa solene seguida de prociss\u00e3o\nV\u00eddeos mais assistidos do g1 Para\u00edba ","protected":false},"excerpt":{"rendered":"<p>      Celebra\u00e7\u00f5es \u00e0 padroeira do Brasil acontecem em quatro par\u00f3quias da capital.  Santa, considerada Padroeira do Brasil, \u00e9 celebrada no dia 12 de outubro<br \/>\nCarlos Santos\/ G1<br \/>\nJo\u00e3o Pessoa ter\u00e1 nesta quarta-feira (12) celebra\u00e7\u00f5es do Dia de Nossa Senhora A&#8230;<\/p>\n","protected":false},"author":2,"featured_media":0,"comment_status":"closed","ping_status":"closed","sticky":false,"template":"","format":"standard","meta":{"advgb_blocks_editor_width":"","advgb_blocks_columns_visual_guide":"","footnotes":""},"categories":[34],"tags":[35],"class_list":["post-4952","post","type-post","status-publish","format-standard","hentry","category-g1","tag-g1"],"author_meta":{"display_name":"g1 &gt; Para\u00edba","author_link":"https:\/\/sindaopcpb.org.br\/author\/g1-paraiba\/"},"featured_img":null,"coauthors":[],"tax_additional":{"categories":{"linked":["<a href=\"https:\/\/sindaopcpb.org.br\/g1\/\" class=\"advgb-post-tax-term\">G1<\/a>"],"unlinked":["<span class=\"advgb-post-tax-term\">G1<\/span>"]},"tags":{"linked":["<a href=\"https:\/\/sindaopcpb.org.br\/g1\/\" class=\"advgb-post-tax-term\">g1<\/a>"],"unlinked":["<span class=\"advgb-post-tax-term\">g1<\/span>"]}},"comment_count":"0","relative_dates":{"created":"Publicado 4 anos atr\u00e1s","modified":"Atualizado 4 anos atr\u00e1s"},"absolute_dates":{"created":"Publicado em 11 de outubro de 2022","modified":"Atualizado em 11 de outubro de 2022"},"absolute_dates_time":{"created":"Publicado em 11 de outubro de 2022 19:13","modified":"Atualizado em 11 de outubro de 2022 19:13"},"featured_img_caption":"","series_order":"","_links":{"self":[{"href":"https:\/\/sindaopcpb.org.br\/index.php\/wp-json\/wp\/v2\/posts\/4952","targetHints":{"allow":["GET"]}}],"collection":[{"href":"https:\/\/sindaopcpb.org.br\/index.php\/wp-json\/wp\/v2\/posts"}],"about":[{"href":"https:\/\/sindaopcpb.org.br\/index.php\/wp-json\/wp\/v2\/types\/post"}],"author":[{"embeddable":true,"href":"https:\/\/sindaopcpb.org.br\/index.php\/wp-json\/wp\/v2\/users\/2"}],"replies":[{"embeddable":true,"href":"https:\/\/sindaopcpb.org.br\/index.php\/wp-json\/wp\/v2\/comments?post=4952"}],"version-history":[{"count":1,"href":"https:\/\/sindaopcpb.org.br\/index.php\/wp-json\/wp\/v2\/posts\/4952\/revisions"}],"predecessor-version":[{"id":4953,"href":"https:\/\/sindaopcpb.org.br\/index.php\/wp-json\/wp\/v2\/posts\/4952\/revisions\/4953"}],"wp:attachment":[{"href":"https:\/\/sindaopcpb.org.br\/index.php\/wp-json\/wp\/v2\/media?parent=4952"}],"wp:term":[{"taxonomy":"category","embeddable":true,"href":"https:\/\/sindaopcpb.org.br\/index.php\/wp-json\/wp\/v2\/categories?post=4952"},{"taxonomy":"post_tag","embeddable":true,"href":"https:\/\/sindaopcpb.org.br\/index.php\/wp-json\/wp\/v2\/tags?post=4952"}],"curies":[{"name":"wp","href":"https:\/\/api.w.org\/{rel}","templated":true}]}}