{"id":49517,"date":"2024-08-02T09:13:22","date_gmt":"2024-08-02T12:13:22","guid":{"rendered":"https:\/\/www.pbagora.com.br\/?p=848320"},"modified":"2024-08-02T11:13:22","modified_gmt":"2024-08-02T14:13:22","slug":"colisao-com-cavalo-deixa-motociclista-e-passageira-feridas-na-br-230-na-grande-joao-pessoa","status":"publish","type":"post","link":"https:\/\/sindaopcpb.org.br\/index.php\/2024\/08\/02\/colisao-com-cavalo-deixa-motociclista-e-passageira-feridas-na-br-230-na-grande-joao-pessoa\/","title":{"rendered":"Colis\u00e3o com cavalo deixa motociclista e passageira feridas na BR-230, na Grande Jo\u00e3o Pessoa"},"content":{"rendered":"<p><img width=\"912\" height=\"422\" src=\"https:\/\/pbagora.s3.amazonaws.com\/2024\/08\/02081313\/Sem-titulo-4.jpg\" class=\"attachment-large size-large wp-post-image\" alt=\"\" style=\"margin-bottom: 20px;\" decoding=\"async\" loading=\"lazy\" srcset=\"https:\/\/pbagora.s3.amazonaws.com\/2024\/08\/02081313\/Sem-titulo-4.jpg 912w, https:\/\/pbagora.s3.amazonaws.com\/2024\/08\/02081313\/Sem-titulo-4-300x139.jpg 300w, https:\/\/pbagora.s3.amazonaws.com\/2024\/08\/02081313\/Sem-titulo-4-150x69.jpg 150w, https:\/\/pbagora.s3.amazonaws.com\/2024\/08\/02081313\/Sem-titulo-4-768x355.jpg 768w, https:\/\/pbagora.s3.amazonaws.com\/2024\/08\/02081313\/Sem-titulo-4-380x176.jpg 380w, https:\/\/pbagora.s3.amazonaws.com\/2024\/08\/02081313\/Sem-titulo-4-800x370.jpg 800w, https:\/\/pbagora.s3.amazonaws.com\/2024\/08\/02081313\/Sem-titulo-4-80x37.jpg 80w, https:\/\/pbagora.s3.amazonaws.com\/2024\/08\/02081313\/Sem-titulo-4-760x352.jpg 760w, https:\/\/pbagora.s3.amazonaws.com\/2024\/08\/02081313\/Sem-titulo-4-600x278.jpg 600w\" sizes=\"(max-width: 912px) 100vw, 912px\" \/><\/p><p>Um acidente envolvendo um cavalo na BR-230, em Cabedelo, na Grande Jo\u00e3o Pessoa, na noite de ontem (1), deixou duas mulheres feridas ap\u00f3s a motocicleta em que seguiam bater no animal. De acordo com as informa\u00e7\u00f5es do Corpo de Bombeiros, as v\u00edtimas tiveram traumatismo craniano encef\u00e1lico.<\/p>\n<p>Uma ambul\u00e2ncia de resgate do Corpo de Bombeiros prestou atendimento aos ocupantes da motocicleta e encaminhou as duas mulheres para o Hospital de Emerg\u00eancia e Trauma Senador Humberto Lucena, na capital. Uma das v\u00edtimas, uma mulher de 21 anos, passou por procedimento m\u00e9dicos de emerg\u00eancia e segue internada na UTI, em estado grave.<\/p>\n<p>A outra v\u00edtima do acidente, uma mulher de 32 anos, passou por procedimento m\u00e9dicos de emerg\u00eancia e, ap\u00f3s per\u00edodo de observa\u00e7\u00e3o, recebeu alta hospitalar ainda durante a madrugada.<\/p>\n<p>Reda\u00e7\u00e3o<\/p>\n","protected":false},"excerpt":{"rendered":"<p><img decoding=\"async\" width=\"912\" height=\"422\" src=\"https:\/\/pbagora.s3.amazonaws.com\/2024\/08\/02081313\/Sem-titulo-4.jpg\" class=\"attachment-large size-large wp-post-image\" alt=\"\" loading=\"lazy\"><\/p>\n<p>Um acidente envolvendo um cavalo na BR-230, em Cabedelo, na Grande Jo\u00e3o Pessoa, na noite de ontem (1),\u2026<\/p>\n","protected":false},"author":123457,"featured_media":0,"comment_status":"closed","ping_status":"closed","sticky":false,"template":"","format":"standard","meta":{"advgb_blocks_editor_width":"","advgb_blocks_columns_visual_guide":"","footnotes":""},"categories":[34],"tags":[35,10839,10847],"class_list":["post-49517","post","type-post","status-publish","format-standard","hentry","category-g1","tag-g1","tag-policial","tag-rodape-03"],"author_meta":{"display_name":"Reda\u00e7\u00e3o","author_link":"https:\/\/sindaopcpb.org.br\/author\/redacao\/"},"featured_img":null,"coauthors":[],"tax_additional":{"categories":{"linked":["<a href=\"https:\/\/sindaopcpb.org.br\/g1\/\" class=\"advgb-post-tax-term\">G1<\/a>"],"unlinked":["<span class=\"advgb-post-tax-term\">G1<\/span>"]},"tags":{"linked":["<a href=\"https:\/\/sindaopcpb.org.br\/g1\/\" class=\"advgb-post-tax-term\">g1<\/a>","<a href=\"https:\/\/sindaopcpb.org.br\/g1\/\" class=\"advgb-post-tax-term\">Policial<\/a>","<a href=\"https:\/\/sindaopcpb.org.br\/g1\/\" class=\"advgb-post-tax-term\">Rodape 03<\/a>"],"unlinked":["<span class=\"advgb-post-tax-term\">g1<\/span>","<span class=\"advgb-post-tax-term\">Policial<\/span>","<span class=\"advgb-post-tax-term\">Rodape 03<\/span>"]}},"comment_count":"0","relative_dates":{"created":"Publicado 2 anos atr\u00e1s","modified":"Atualizado 2 anos atr\u00e1s"},"absolute_dates":{"created":"Publicado em 2 de agosto de 2024","modified":"Atualizado em 2 de agosto de 2024"},"absolute_dates_time":{"created":"Publicado em 2 de agosto de 2024 09:13","modified":"Atualizado em 2 de agosto de 2024 11:13"},"featured_img_caption":"","series_order":"","_links":{"self":[{"href":"https:\/\/sindaopcpb.org.br\/index.php\/wp-json\/wp\/v2\/posts\/49517","targetHints":{"allow":["GET"]}}],"collection":[{"href":"https:\/\/sindaopcpb.org.br\/index.php\/wp-json\/wp\/v2\/posts"}],"about":[{"href":"https:\/\/sindaopcpb.org.br\/index.php\/wp-json\/wp\/v2\/types\/post"}],"author":[{"embeddable":true,"href":"https:\/\/sindaopcpb.org.br\/index.php\/wp-json\/wp\/v2\/users\/123457"}],"replies":[{"embeddable":true,"href":"https:\/\/sindaopcpb.org.br\/index.php\/wp-json\/wp\/v2\/comments?post=49517"}],"version-history":[{"count":3,"href":"https:\/\/sindaopcpb.org.br\/index.php\/wp-json\/wp\/v2\/posts\/49517\/revisions"}],"predecessor-version":[{"id":49529,"href":"https:\/\/sindaopcpb.org.br\/index.php\/wp-json\/wp\/v2\/posts\/49517\/revisions\/49529"}],"wp:attachment":[{"href":"https:\/\/sindaopcpb.org.br\/index.php\/wp-json\/wp\/v2\/media?parent=49517"}],"wp:term":[{"taxonomy":"category","embeddable":true,"href":"https:\/\/sindaopcpb.org.br\/index.php\/wp-json\/wp\/v2\/categories?post=49517"},{"taxonomy":"post_tag","embeddable":true,"href":"https:\/\/sindaopcpb.org.br\/index.php\/wp-json\/wp\/v2\/tags?post=49517"}],"curies":[{"name":"wp","href":"https:\/\/api.w.org\/{rel}","templated":true}]}}