{"id":4950,"date":"2022-10-11T20:33:27","date_gmt":"2022-10-11T23:33:27","guid":{"rendered":"https:\/\/g1.globo.com\/pb\/paraiba\/eleicoes\/2022\/noticia\/2022\/10\/11\/joao-azevedo-se-compromete-a-ampliar-acoes-de-combate-a-fome-na-paraiba.ghtml"},"modified":"2022-10-11T20:33:27","modified_gmt":"2022-10-11T23:33:27","slug":"joao-azevedo-se-compromete-a-ampliar-acoes-de-combate-a-fome-na-paraiba","status":"publish","type":"post","link":"https:\/\/sindaopcpb.org.br\/index.php\/2022\/10\/11\/joao-azevedo-se-compromete-a-ampliar-acoes-de-combate-a-fome-na-paraiba\/","title":{"rendered":"Jo\u00e3o Azev\u00eado se compromete a ampliar a\u00e7\u00f5es de combate \u00e0 fome na Para\u00edba"},"content":{"rendered":"   <img src=\"https:\/\/s2.glbimg.com\/NE2IPSgMjFziGvfpaGHrP5_Ng9Y=\/i.s3.glbimg.com\/v1\/AUTH_59edd422c0c84a879bd37670ae4f538a\/internal_photos\/bs\/2022\/L\/z\/rQk7tXT1mgDoy1Biagzw\/joao-azevedo-1110.jpg\" \/><br \/>   Declara\u00e7\u00f5es foram feitas \u00e0 reportagem da TV Cabo Branco nesta ter\u00e7a-feira (11).  Jo\u00e3o Azev\u00eado (PSB) cumpriu agenda em Jo\u00e3o Pessoa nesta ter\u00e7a-feira (11)\nReprodu\u00e7\u00e3o\/TV Cabo Branco\nO candidato do PSB ao Governo da Para\u00edba, Jo\u00e3o Azev\u00eado, cumpriu agenda em Jo\u00e3o Pessoa nesta ter\u00e7a-feira (11). Ele participou de um evento com apoiadores na sede do Partido dos Trabalhadores (PT), onde recebeu apoio do deputado estadual Luciano Cartaxo (PT). \nNa ocasi\u00e3o,  Jo\u00e3o Azev\u00eado conversou com a reportagem da TV Cabo Branco e falou sobre combate \u00e0 fome. \n\"N\u00f3s estamos com um programa que fornece um milh\u00e3o e trezentos e doze mil refei\u00e7\u00f5es ao pre\u00e7o de R$ 1, o programa 'T\u00e1 na Mesa'. O programa de restaurantes populares que hoje j\u00e1 atinge 158 munic\u00edpios, a nossa inten\u00e7\u00e3o, a nossa proposta \u00e9 levar para os 223 municipios\", disse ele. \nO candidato do PSB ao Governo da Para\u00edba tamb\u00e9m destacou o incentivo \u00e0 cultura. \n\"N\u00f3s fizemos a entrega e a restaura\u00e7\u00e3o total do Teatro Santa Catarina, em Cabedelo, n\u00f3s implantamos um espa\u00e7o que \u00e9 o Memorial Abelardo da Hora, no Espa\u00e7o Cultural em Jo\u00e3o Pessoa, n\u00f3s implantamos o Museu de Jo\u00e3o Pessoa, reformamos o Museu do Artesanato e da Casa Popular, o Museu da Pol\u00edcia Militar. Al\u00e9m do apoio a 16 festivais de cinema que n\u00f3s fizemos por toda a Para\u00edba e vai coroar todo esse trabalho com o trabalho j\u00e1 iniciado agora no Pal\u00e1cio da Reden\u00e7\u00e3o, que n\u00f3s vamos transform\u00e1-lo no grande Museu da Para\u00edba. Fazer com que cada vez mais as a\u00e7\u00f5es da Funes, que acontecem agora mensalmente atrav\u00e9s de grandes shows com os artistas da terra. Isso \u00e9 fomentar emprego, fomentar renda e respeitar acima de tudo a cultura\", concluiu.   \nV\u00eddeos mais assistidos do g1 Para\u00edba  ","protected":false},"excerpt":{"rendered":"<p>      Declara\u00e7\u00f5es foram feitas \u00e0 reportagem da TV Cabo Branco nesta ter\u00e7a-feira (11).  Jo\u00e3o Azev\u00eado (PSB) cumpriu agenda em Jo\u00e3o Pessoa nesta ter\u00e7a-feira (11)<br \/>\nReprodu\u00e7\u00e3o\/TV Cabo Branco<br \/>\nO candidato do PSB ao Governo da Para\u00edba, Jo\u00e3o Azev\u00eado, cumpriu age&#8230;<\/p>\n","protected":false},"author":2,"featured_media":0,"comment_status":"closed","ping_status":"closed","sticky":false,"template":"","format":"standard","meta":{"advgb_blocks_editor_width":"","advgb_blocks_columns_visual_guide":"","footnotes":""},"categories":[34],"tags":[35],"class_list":["post-4950","post","type-post","status-publish","format-standard","hentry","category-g1","tag-g1"],"author_meta":{"display_name":"g1 &gt; Para\u00edba","author_link":"https:\/\/sindaopcpb.org.br\/author\/g1-paraiba\/"},"featured_img":null,"coauthors":[],"tax_additional":{"categories":{"linked":["<a href=\"https:\/\/sindaopcpb.org.br\/g1\/\" class=\"advgb-post-tax-term\">G1<\/a>"],"unlinked":["<span class=\"advgb-post-tax-term\">G1<\/span>"]},"tags":{"linked":["<a href=\"https:\/\/sindaopcpb.org.br\/g1\/\" class=\"advgb-post-tax-term\">g1<\/a>"],"unlinked":["<span class=\"advgb-post-tax-term\">g1<\/span>"]}},"comment_count":"0","relative_dates":{"created":"Publicado 4 anos atr\u00e1s","modified":"Atualizado 4 anos atr\u00e1s"},"absolute_dates":{"created":"Publicado em 11 de outubro de 2022","modified":"Atualizado em 11 de outubro de 2022"},"absolute_dates_time":{"created":"Publicado em 11 de outubro de 2022 20:33","modified":"Atualizado em 11 de outubro de 2022 20:33"},"featured_img_caption":"","series_order":"","_links":{"self":[{"href":"https:\/\/sindaopcpb.org.br\/index.php\/wp-json\/wp\/v2\/posts\/4950","targetHints":{"allow":["GET"]}}],"collection":[{"href":"https:\/\/sindaopcpb.org.br\/index.php\/wp-json\/wp\/v2\/posts"}],"about":[{"href":"https:\/\/sindaopcpb.org.br\/index.php\/wp-json\/wp\/v2\/types\/post"}],"author":[{"embeddable":true,"href":"https:\/\/sindaopcpb.org.br\/index.php\/wp-json\/wp\/v2\/users\/2"}],"replies":[{"embeddable":true,"href":"https:\/\/sindaopcpb.org.br\/index.php\/wp-json\/wp\/v2\/comments?post=4950"}],"version-history":[{"count":1,"href":"https:\/\/sindaopcpb.org.br\/index.php\/wp-json\/wp\/v2\/posts\/4950\/revisions"}],"predecessor-version":[{"id":4951,"href":"https:\/\/sindaopcpb.org.br\/index.php\/wp-json\/wp\/v2\/posts\/4950\/revisions\/4951"}],"wp:attachment":[{"href":"https:\/\/sindaopcpb.org.br\/index.php\/wp-json\/wp\/v2\/media?parent=4950"}],"wp:term":[{"taxonomy":"category","embeddable":true,"href":"https:\/\/sindaopcpb.org.br\/index.php\/wp-json\/wp\/v2\/categories?post=4950"},{"taxonomy":"post_tag","embeddable":true,"href":"https:\/\/sindaopcpb.org.br\/index.php\/wp-json\/wp\/v2\/tags?post=4950"}],"curies":[{"name":"wp","href":"https:\/\/api.w.org\/{rel}","templated":true}]}}