{"id":49442,"date":"2024-07-30T13:05:47","date_gmt":"2024-07-30T16:05:47","guid":{"rendered":"https:\/\/www.pbagora.com.br\/?p=847736"},"modified":"2024-07-30T15:09:47","modified_gmt":"2024-07-30T18:09:47","slug":"interrogatorio-de-empresario-suspeito-de-agredir-companheira-no-manaira-e-adiado","status":"publish","type":"post","link":"https:\/\/sindaopcpb.org.br\/index.php\/2024\/07\/30\/interrogatorio-de-empresario-suspeito-de-agredir-companheira-no-manaira-e-adiado\/","title":{"rendered":"Interrogat\u00f3rio de empres\u00e1rio suspeito de agredir companheira no Mana\u00edra \u00e9 adiado"},"content":{"rendered":"<p><img width=\"1024\" height=\"576\" src=\"https:\/\/pbagora.s3.amazonaws.com\/2024\/07\/30125914\/WhatsApp-Image-2024-07-30-at-09.42.11-1200x675-1-1024x576.jpeg\" class=\"attachment-large size-large wp-post-image\" alt=\"\" style=\"margin-bottom: 20px;\" decoding=\"async\" srcset=\"https:\/\/pbagora.s3.amazonaws.com\/2024\/07\/30125914\/WhatsApp-Image-2024-07-30-at-09.42.11-1200x675-1-1024x576.jpeg 1024w, https:\/\/pbagora.s3.amazonaws.com\/2024\/07\/30125914\/WhatsApp-Image-2024-07-30-at-09.42.11-1200x675-1-300x169.jpeg 300w, https:\/\/pbagora.s3.amazonaws.com\/2024\/07\/30125914\/WhatsApp-Image-2024-07-30-at-09.42.11-1200x675-1-150x84.jpeg 150w, https:\/\/pbagora.s3.amazonaws.com\/2024\/07\/30125914\/WhatsApp-Image-2024-07-30-at-09.42.11-1200x675-1-768x432.jpeg 768w, https:\/\/pbagora.s3.amazonaws.com\/2024\/07\/30125914\/WhatsApp-Image-2024-07-30-at-09.42.11-1200x675-1-380x214.jpeg 380w, https:\/\/pbagora.s3.amazonaws.com\/2024\/07\/30125914\/WhatsApp-Image-2024-07-30-at-09.42.11-1200x675-1-800x450.jpeg 800w, https:\/\/pbagora.s3.amazonaws.com\/2024\/07\/30125914\/WhatsApp-Image-2024-07-30-at-09.42.11-1200x675-1-1160x653.jpeg 1160w, https:\/\/pbagora.s3.amazonaws.com\/2024\/07\/30125914\/WhatsApp-Image-2024-07-30-at-09.42.11-1200x675-1-80x46.jpeg 80w, https:\/\/pbagora.s3.amazonaws.com\/2024\/07\/30125914\/WhatsApp-Image-2024-07-30-at-09.42.11-1200x675-1-760x428.jpeg 760w, https:\/\/pbagora.s3.amazonaws.com\/2024\/07\/30125914\/WhatsApp-Image-2024-07-30-at-09.42.11-1200x675-1-600x338.jpeg 600w, https:\/\/pbagora.s3.amazonaws.com\/2024\/07\/30125914\/WhatsApp-Image-2024-07-30-at-09.42.11-1200x675-1.jpeg 1200w\" sizes=\"(max-width: 1024px) 100vw, 1024px\" \/><\/p><p>O interrogat\u00f3rio do empres\u00e1rio Lucas Rabelo Dantas, suspeito de agredir fisicamente sua companheira no bairro de Mana\u00edra, Zona Leste de Jo\u00e3o Pessoa, foi adiado. O incidente aconteceu na madrugada do dia 23 de julho, e o depoimento do suspeito estava marcado para ontem, 29 de julho.<\/p>\n<p>Segundo a delegada Sileide de Azevedo, a v\u00edtima apresentou novos documentos na manh\u00e3 de segunda-feira (29), que precisam ser adicionados ao inqu\u00e9rito policial. &#8220;Devido a isso, o interrogat\u00f3rio foi remarcado para que a autoridade respons\u00e1vel possa analisar os novos documentos&#8221;, explicou a delegada.<\/p>\n<p>Os documentos apresentados ser\u00e3o examinados para que o suspeito seja interrogado tamb\u00e9m sobre o conte\u00fado destes novos elementos.<\/p>\n<h4 id=\"entenda\">Entenda<\/h4>\n<p>As agress\u00f5es teriam ocorrido ao longo de toda a noite do dia 23 de julho. A v\u00edtima denunciou o ocorrido na Delegacia da Mulher de Jo\u00e3o Pessoa, e o caso est\u00e1 sendo investigado. No momento da den\u00fancia, o suspeito n\u00e3o foi localizado pela pol\u00edcia.<\/p>\n","protected":false},"excerpt":{"rendered":"<p><img loading=\"lazy\" decoding=\"async\" width=\"1024\" height=\"576\" src=\"https:\/\/pbagora.s3.amazonaws.com\/2024\/07\/30125914\/WhatsApp-Image-2024-07-30-at-09.42.11-1200x675-1-1024x576.jpeg\" class=\"attachment-large size-large wp-post-image\" alt=\"\"><\/p>\n<p>O interrogat\u00f3rio do empres\u00e1rio Lucas Rabelo Dantas, suspeito de agredir fisicamente sua companheira no bairro de Mana\u00edra, Zona\u2026<\/p>\n","protected":false},"author":123458,"featured_media":0,"comment_status":"closed","ping_status":"closed","sticky":false,"template":"","format":"standard","meta":{"advgb_blocks_editor_width":"","advgb_blocks_columns_visual_guide":"","footnotes":""},"categories":[34],"tags":[10841,35,10839],"class_list":["post-49442","post","type-post","status-publish","format-standard","hentry","category-g1","tag-destaque-centro-02","tag-g1","tag-policial"],"author_meta":{"display_name":"Feliphe Rojas","author_link":"https:\/\/sindaopcpb.org.br\/author\/feliphe-rojas\/"},"featured_img":null,"coauthors":[],"tax_additional":{"categories":{"linked":["<a href=\"https:\/\/sindaopcpb.org.br\/g1\/\" class=\"advgb-post-tax-term\">G1<\/a>"],"unlinked":["<span class=\"advgb-post-tax-term\">G1<\/span>"]},"tags":{"linked":["<a href=\"https:\/\/sindaopcpb.org.br\/g1\/\" class=\"advgb-post-tax-term\">Destaque Centro 02<\/a>","<a href=\"https:\/\/sindaopcpb.org.br\/g1\/\" class=\"advgb-post-tax-term\">g1<\/a>","<a href=\"https:\/\/sindaopcpb.org.br\/g1\/\" class=\"advgb-post-tax-term\">Policial<\/a>"],"unlinked":["<span class=\"advgb-post-tax-term\">Destaque Centro 02<\/span>","<span class=\"advgb-post-tax-term\">g1<\/span>","<span class=\"advgb-post-tax-term\">Policial<\/span>"]}},"comment_count":"0","relative_dates":{"created":"Publicado 2 anos atr\u00e1s","modified":"Atualizado 2 anos atr\u00e1s"},"absolute_dates":{"created":"Publicado em 30 de julho de 2024","modified":"Atualizado em 30 de julho de 2024"},"absolute_dates_time":{"created":"Publicado em 30 de julho de 2024 13:05","modified":"Atualizado em 30 de julho de 2024 15:09"},"featured_img_caption":"","series_order":"","_links":{"self":[{"href":"https:\/\/sindaopcpb.org.br\/index.php\/wp-json\/wp\/v2\/posts\/49442","targetHints":{"allow":["GET"]}}],"collection":[{"href":"https:\/\/sindaopcpb.org.br\/index.php\/wp-json\/wp\/v2\/posts"}],"about":[{"href":"https:\/\/sindaopcpb.org.br\/index.php\/wp-json\/wp\/v2\/types\/post"}],"author":[{"embeddable":true,"href":"https:\/\/sindaopcpb.org.br\/index.php\/wp-json\/wp\/v2\/users\/123458"}],"replies":[{"embeddable":true,"href":"https:\/\/sindaopcpb.org.br\/index.php\/wp-json\/wp\/v2\/comments?post=49442"}],"version-history":[{"count":3,"href":"https:\/\/sindaopcpb.org.br\/index.php\/wp-json\/wp\/v2\/posts\/49442\/revisions"}],"predecessor-version":[{"id":49451,"href":"https:\/\/sindaopcpb.org.br\/index.php\/wp-json\/wp\/v2\/posts\/49442\/revisions\/49451"}],"wp:attachment":[{"href":"https:\/\/sindaopcpb.org.br\/index.php\/wp-json\/wp\/v2\/media?parent=49442"}],"wp:term":[{"taxonomy":"category","embeddable":true,"href":"https:\/\/sindaopcpb.org.br\/index.php\/wp-json\/wp\/v2\/categories?post=49442"},{"taxonomy":"post_tag","embeddable":true,"href":"https:\/\/sindaopcpb.org.br\/index.php\/wp-json\/wp\/v2\/tags?post=49442"}],"curies":[{"name":"wp","href":"https:\/\/api.w.org\/{rel}","templated":true}]}}