{"id":49432,"date":"2024-07-30T11:30:30","date_gmt":"2024-07-30T14:30:30","guid":{"rendered":"https:\/\/www.pbagora.com.br\/?p=847710"},"modified":"2024-07-30T13:09:30","modified_gmt":"2024-07-30T16:09:30","slug":"foragido-da-justica-por-trafico-de-drogas-e-preso-pela-prf-em-joao-pessoa","status":"publish","type":"post","link":"https:\/\/sindaopcpb.org.br\/index.php\/2024\/07\/30\/foragido-da-justica-por-trafico-de-drogas-e-preso-pela-prf-em-joao-pessoa\/","title":{"rendered":"Foragido da Justi\u00e7a por tr\u00e1fico de drogas \u00e9 preso pela PRF em Jo\u00e3o Pessoa"},"content":{"rendered":"<p><img width=\"576\" height=\"480\" src=\"https:\/\/pbagora.s3.amazonaws.com\/2024\/07\/30113011\/WhatsApp-Image-2024-07-30-at-10.28.14-1.jpeg\" class=\"attachment-large size-large wp-post-image\" alt=\"\" style=\"margin-bottom: 20px;\" decoding=\"async\" loading=\"lazy\" srcset=\"https:\/\/pbagora.s3.amazonaws.com\/2024\/07\/30113011\/WhatsApp-Image-2024-07-30-at-10.28.14-1.jpeg 576w, https:\/\/pbagora.s3.amazonaws.com\/2024\/07\/30113011\/WhatsApp-Image-2024-07-30-at-10.28.14-1-300x250.jpeg 300w, https:\/\/pbagora.s3.amazonaws.com\/2024\/07\/30113011\/WhatsApp-Image-2024-07-30-at-10.28.14-1-150x125.jpeg 150w, https:\/\/pbagora.s3.amazonaws.com\/2024\/07\/30113011\/WhatsApp-Image-2024-07-30-at-10.28.14-1-380x317.jpeg 380w, https:\/\/pbagora.s3.amazonaws.com\/2024\/07\/30113011\/WhatsApp-Image-2024-07-30-at-10.28.14-1-80x67.jpeg 80w\" sizes=\"(max-width: 576px) 100vw, 576px\" \/><\/p><p>A Pol\u00edcia Rodovi\u00e1ria Federal (PRF) prendeu, na tarde da \u00faltima segunda-feira (29), na capital paraibana, um homem procurado pelo crime de tr\u00e1fico de drogas. Ao capturar foragidos, a PRF demonstra sua efici\u00eancia e colabora para a manuten\u00e7\u00e3o da ordem p\u00fablica, protegendo a sociedade de indiv\u00edduos que descumpriram a lei.<\/p>\n<p>Por volta das 15h, na BR-101, km 89, em Jo\u00e3o Pessoa, equipe da PRF realizava rondas quando avistou um indiv\u00edduo em atitude suspeita pr\u00f3ximo a uma churrascaria \u00e0s margens da rodovia. Ao perceber a aproxima\u00e7\u00e3o da viatura policial, o homem tentou fugir a p\u00e9, mas foi alcan\u00e7ado e abordado.<\/p>\n<p>Durante a identifica\u00e7\u00e3o, foi constatado que ele possu\u00eda um mandado de pris\u00e3o ativo por tr\u00e1fico de drogas, expedido pela Vara de Execu\u00e7\u00e3o Penal de Jo\u00e3o Pessoa. O indiv\u00edduo, que estava foragido desde 2022, foi encaminhado para a Central de Flagrantes, onde ficar\u00e1 \u00e0 disposi\u00e7\u00e3o para cumprimento da pena imposta. A pris\u00e3o de foragidos pela PRF representa um avan\u00e7o significativo na luta contra a impunidade e contribui para a sensa\u00e7\u00e3o de seguran\u00e7a da popula\u00e7\u00e3o.<\/p>\n","protected":false},"excerpt":{"rendered":"<p><img loading=\"lazy\" decoding=\"async\" width=\"576\" height=\"480\" src=\"https:\/\/pbagora.s3.amazonaws.com\/2024\/07\/30113011\/WhatsApp-Image-2024-07-30-at-10.28.14-1.jpeg\" class=\"attachment-large size-large wp-post-image\" alt=\"\"><\/p>\n<p>A Pol\u00edcia Rodovi\u00e1ria Federal (PRF) prendeu, na tarde da \u00faltima segunda-feira (29), na capital paraibana, um homem procurado\u2026<\/p>\n","protected":false},"author":123457,"featured_media":0,"comment_status":"closed","ping_status":"closed","sticky":false,"template":"","format":"standard","meta":{"advgb_blocks_editor_width":"","advgb_blocks_columns_visual_guide":"","footnotes":""},"categories":[34],"tags":[10841,35,10839],"class_list":["post-49432","post","type-post","status-publish","format-standard","hentry","category-g1","tag-destaque-centro-02","tag-g1","tag-policial"],"author_meta":{"display_name":"Reda\u00e7\u00e3o","author_link":"https:\/\/sindaopcpb.org.br\/author\/redacao\/"},"featured_img":null,"coauthors":[],"tax_additional":{"categories":{"linked":["<a href=\"https:\/\/sindaopcpb.org.br\/g1\/\" class=\"advgb-post-tax-term\">G1<\/a>"],"unlinked":["<span class=\"advgb-post-tax-term\">G1<\/span>"]},"tags":{"linked":["<a href=\"https:\/\/sindaopcpb.org.br\/g1\/\" class=\"advgb-post-tax-term\">Destaque Centro 02<\/a>","<a href=\"https:\/\/sindaopcpb.org.br\/g1\/\" class=\"advgb-post-tax-term\">g1<\/a>","<a href=\"https:\/\/sindaopcpb.org.br\/g1\/\" class=\"advgb-post-tax-term\">Policial<\/a>"],"unlinked":["<span class=\"advgb-post-tax-term\">Destaque Centro 02<\/span>","<span class=\"advgb-post-tax-term\">g1<\/span>","<span class=\"advgb-post-tax-term\">Policial<\/span>"]}},"comment_count":"0","relative_dates":{"created":"Publicado 2 anos atr\u00e1s","modified":"Atualizado 2 anos atr\u00e1s"},"absolute_dates":{"created":"Publicado em 30 de julho de 2024","modified":"Atualizado em 30 de julho de 2024"},"absolute_dates_time":{"created":"Publicado em 30 de julho de 2024 11:30","modified":"Atualizado em 30 de julho de 2024 13:09"},"featured_img_caption":"","series_order":"","_links":{"self":[{"href":"https:\/\/sindaopcpb.org.br\/index.php\/wp-json\/wp\/v2\/posts\/49432","targetHints":{"allow":["GET"]}}],"collection":[{"href":"https:\/\/sindaopcpb.org.br\/index.php\/wp-json\/wp\/v2\/posts"}],"about":[{"href":"https:\/\/sindaopcpb.org.br\/index.php\/wp-json\/wp\/v2\/types\/post"}],"author":[{"embeddable":true,"href":"https:\/\/sindaopcpb.org.br\/index.php\/wp-json\/wp\/v2\/users\/123457"}],"replies":[{"embeddable":true,"href":"https:\/\/sindaopcpb.org.br\/index.php\/wp-json\/wp\/v2\/comments?post=49432"}],"version-history":[{"count":3,"href":"https:\/\/sindaopcpb.org.br\/index.php\/wp-json\/wp\/v2\/posts\/49432\/revisions"}],"predecessor-version":[{"id":49448,"href":"https:\/\/sindaopcpb.org.br\/index.php\/wp-json\/wp\/v2\/posts\/49432\/revisions\/49448"}],"wp:attachment":[{"href":"https:\/\/sindaopcpb.org.br\/index.php\/wp-json\/wp\/v2\/media?parent=49432"}],"wp:term":[{"taxonomy":"category","embeddable":true,"href":"https:\/\/sindaopcpb.org.br\/index.php\/wp-json\/wp\/v2\/categories?post=49432"},{"taxonomy":"post_tag","embeddable":true,"href":"https:\/\/sindaopcpb.org.br\/index.php\/wp-json\/wp\/v2\/tags?post=49432"}],"curies":[{"name":"wp","href":"https:\/\/api.w.org\/{rel}","templated":true}]}}