{"id":49393,"date":"2024-07-28T10:15:26","date_gmt":"2024-07-28T13:15:26","guid":{"rendered":"https:\/\/www.pbagora.com.br\/?p=847227"},"modified":"2024-07-28T12:15:26","modified_gmt":"2024-07-28T15:15:26","slug":"andar-de-moto-sem-capacete-perigos-e-consequencias-na-pb-neste-ano-multa-por-falta-deste-equipamento-subiu-40","status":"publish","type":"post","link":"https:\/\/sindaopcpb.org.br\/index.php\/2024\/07\/28\/andar-de-moto-sem-capacete-perigos-e-consequencias-na-pb-neste-ano-multa-por-falta-deste-equipamento-subiu-40\/","title":{"rendered":"Andar de moto sem capacete, perigos e consequ\u00eancias; na PB multa subiu 40%"},"content":{"rendered":"<p><img width=\"346\" height=\"463\" src=\"https:\/\/pbagora.s3.amazonaws.com\/2022\/03\/23074833\/csm_moto_pm_capacet_disparo_1e34af8d34.jpg\" class=\"attachment-large size-large wp-post-image\" alt=\"\" style=\"margin-bottom: 20px;\" decoding=\"async\" loading=\"lazy\" srcset=\"https:\/\/pbagora.s3.amazonaws.com\/2022\/03\/23074833\/csm_moto_pm_capacet_disparo_1e34af8d34.jpg 346w, https:\/\/pbagora.s3.amazonaws.com\/2022\/03\/23074833\/csm_moto_pm_capacet_disparo_1e34af8d34-224x300.jpg 224w, https:\/\/pbagora.s3.amazonaws.com\/2022\/03\/23074833\/csm_moto_pm_capacet_disparo_1e34af8d34-112x150.jpg 112w, https:\/\/pbagora.s3.amazonaws.com\/2022\/03\/23074833\/csm_moto_pm_capacet_disparo_1e34af8d34-80x107.jpg 80w, https:\/\/pbagora.s3.amazonaws.com\/2022\/03\/23074833\/csm_moto_pm_capacet_disparo_1e34af8d34-60x80.jpg 60w\" sizes=\"(max-width: 346px) 100vw, 346px\" \/><\/p><p>A maioria das pessoas sabe que o uso de equipamento de prote\u00e7\u00e3o \u00e9 obrigat\u00f3rio para motociclistas. Contudo, nem todo mundo conhece a multa sem capacete, aplicada tanto para pilotos quanto para passageiros. Al\u00e9m disso, especialistas revelam os perigos de pilotar t\u00e3o imprudentemente.<\/p>\n<p>Para o m\u00e9dico Gabriel Vanconcelos, o Hospital de Emerg\u00eancia e Trauma de Jo\u00e3o Pessoa catalogou, no primeiro semestre de 2024, mais de quatro mil v\u00edtimas de acidentes com motocicletas, n\u00famero que corresponde a quase 10% do total de atendimentos no hospital. Dentre essas v\u00edtimas, 33 faleceram.<\/p>\n<p>\u201cO capacete \u00e9 o principal item de seguran\u00e7a do motociclista. Precisa ficar bem firme no ajuste e compat\u00edvel com o tamanho. Segundo a OMS, capacetes seguros reduzem o risco de morte em at\u00e9 seis vezes. No entanto, em muitas na\u00e7\u00f5es de rendas baixa e m\u00e9dia, a utiliza\u00e7\u00e3o \u00e9 pequena mesmo que o n\u00famero de motocicletas em circula\u00e7\u00e3o continue aumentando\u201d, disse.<\/p>\n<p>Segundo o policial de transito Arnaldo J\u00fanior, o argumento de muitos motociclistas flagrados conduzindo o ve\u00edculo sem esse equipamento essencial \u00e9 que o trajeto seria curto. \u201cContudo, um \u2018\u00e9 logo ali\u2019 pode ser fatal\u201d, comentou.<\/p>\n<p>Ainda segundo Arnaldo, o capacete n\u00e3o foi a principal preocupa\u00e7\u00e3o para quase seis mil motociclistas multados, de janeiro a abril deste ano, pelo Departamento Estadual de Tr\u00e2nsito da Para\u00edba (Detran-PB), em todo o estado, devido \u00e0 falta do equipamento.<\/p>\n<p>Abril foi o m\u00eas com maior n\u00famero de multas: 1.768 \u2014 quase o dobro em rela\u00e7\u00e3o a abril de 2023, em que houve registro de 911 ocorr\u00eancias. Em segundo lugar, ficou o m\u00eas de mar\u00e7o, com 1.543; depois, fevereiro, com 1.410; e, por fim, janeiro, com 1.075 penalidades aplicadas. O total \u2014 ou seja, 5.796 multas \u2014 corresponde a um acr\u00e9scimo de mais de 40% em rela\u00e7\u00e3o ao mesmo per\u00edodo de 2023, quando foram registradas 4.068 multas.<\/p>\n<p>Consequ\u00eancias por pilotar sem capacete<br \/>\nO dispositivo legal que trata da infra\u00e7\u00e3o por n\u00e3o utilizar o capacete \u00e9 o art. 244 do C\u00f3digo de Tr\u00e2nsito Brasileiro. Como o capacete \u00e9 um item obrigat\u00f3rio, a n\u00e3o utiliza\u00e7\u00e3o dele resulta em puni\u00e7\u00f5es severas, justamente para desencorajar quem pensa em n\u00e3o usar essa prote\u00e7\u00e3o:<\/p>\n<p>Art 244<\/p>\n<p>\u2022 I \u2013 Conduzir motocicleta, motoneta ou ciclomotor sem usar capacete de seguran\u00e7a ou vestu\u00e1rio de acordo com as normas e as especifica\u00e7\u00f5es aprovadas pelo Contran;<\/p>\n<p>\u2022 Infra\u00e7\u00e3o \u2013 grav\u00edssima.<\/p>\n<p>\u2022 Penalidade \u2013 multa e suspens\u00e3o do direito de dirigir.<\/p>\n<p>Reda\u00e7\u00e3o<\/p>\n","protected":false},"excerpt":{"rendered":"<p><img loading=\"lazy\" decoding=\"async\" width=\"346\" height=\"463\" src=\"https:\/\/pbagora.s3.amazonaws.com\/2022\/03\/23074833\/csm_moto_pm_capacet_disparo_1e34af8d34.jpg\" class=\"attachment-large size-large wp-post-image\" alt=\"\"><\/p>\n<p>A maioria das pessoas sabe que o uso de equipamento de prote\u00e7\u00e3o \u00e9 obrigat\u00f3rio para motociclistas. Contudo, nem\u2026<\/p>\n","protected":false},"author":123457,"featured_media":0,"comment_status":"closed","ping_status":"closed","sticky":false,"template":"","format":"standard","meta":{"advgb_blocks_editor_width":"","advgb_blocks_columns_visual_guide":"","footnotes":""},"categories":[34],"tags":[10841,35,10839],"class_list":["post-49393","post","type-post","status-publish","format-standard","hentry","category-g1","tag-destaque-centro-02","tag-g1","tag-policial"],"author_meta":{"display_name":"Reda\u00e7\u00e3o","author_link":"https:\/\/sindaopcpb.org.br\/author\/redacao\/"},"featured_img":null,"coauthors":[],"tax_additional":{"categories":{"linked":["<a href=\"https:\/\/sindaopcpb.org.br\/g1\/\" class=\"advgb-post-tax-term\">G1<\/a>"],"unlinked":["<span class=\"advgb-post-tax-term\">G1<\/span>"]},"tags":{"linked":["<a href=\"https:\/\/sindaopcpb.org.br\/g1\/\" class=\"advgb-post-tax-term\">Destaque Centro 02<\/a>","<a href=\"https:\/\/sindaopcpb.org.br\/g1\/\" class=\"advgb-post-tax-term\">g1<\/a>","<a href=\"https:\/\/sindaopcpb.org.br\/g1\/\" class=\"advgb-post-tax-term\">Policial<\/a>"],"unlinked":["<span class=\"advgb-post-tax-term\">Destaque Centro 02<\/span>","<span class=\"advgb-post-tax-term\">g1<\/span>","<span class=\"advgb-post-tax-term\">Policial<\/span>"]}},"comment_count":"0","relative_dates":{"created":"Publicado 2 anos atr\u00e1s","modified":"Atualizado 2 anos atr\u00e1s"},"absolute_dates":{"created":"Publicado em 28 de julho de 2024","modified":"Atualizado em 28 de julho de 2024"},"absolute_dates_time":{"created":"Publicado em 28 de julho de 2024 10:15","modified":"Atualizado em 28 de julho de 2024 12:15"},"featured_img_caption":"","series_order":"","_links":{"self":[{"href":"https:\/\/sindaopcpb.org.br\/index.php\/wp-json\/wp\/v2\/posts\/49393","targetHints":{"allow":["GET"]}}],"collection":[{"href":"https:\/\/sindaopcpb.org.br\/index.php\/wp-json\/wp\/v2\/posts"}],"about":[{"href":"https:\/\/sindaopcpb.org.br\/index.php\/wp-json\/wp\/v2\/types\/post"}],"author":[{"embeddable":true,"href":"https:\/\/sindaopcpb.org.br\/index.php\/wp-json\/wp\/v2\/users\/123457"}],"replies":[{"embeddable":true,"href":"https:\/\/sindaopcpb.org.br\/index.php\/wp-json\/wp\/v2\/comments?post=49393"}],"version-history":[{"count":3,"href":"https:\/\/sindaopcpb.org.br\/index.php\/wp-json\/wp\/v2\/posts\/49393\/revisions"}],"predecessor-version":[{"id":49407,"href":"https:\/\/sindaopcpb.org.br\/index.php\/wp-json\/wp\/v2\/posts\/49393\/revisions\/49407"}],"wp:attachment":[{"href":"https:\/\/sindaopcpb.org.br\/index.php\/wp-json\/wp\/v2\/media?parent=49393"}],"wp:term":[{"taxonomy":"category","embeddable":true,"href":"https:\/\/sindaopcpb.org.br\/index.php\/wp-json\/wp\/v2\/categories?post=49393"},{"taxonomy":"post_tag","embeddable":true,"href":"https:\/\/sindaopcpb.org.br\/index.php\/wp-json\/wp\/v2\/tags?post=49393"}],"curies":[{"name":"wp","href":"https:\/\/api.w.org\/{rel}","templated":true}]}}