{"id":49389,"date":"2024-07-28T06:42:52","date_gmt":"2024-07-28T09:42:52","guid":{"rendered":"https:\/\/www.pbagora.com.br\/?p=847217"},"modified":"2024-07-28T06:42:52","modified_gmt":"2024-07-28T09:42:52","slug":"casal-de-empresarios-da-paraiba-morre-durante-incendio-em-hotel-no-ceara","status":"publish","type":"post","link":"https:\/\/sindaopcpb.org.br\/index.php\/2024\/07\/28\/casal-de-empresarios-da-paraiba-morre-durante-incendio-em-hotel-no-ceara\/","title":{"rendered":"Casal de empres\u00e1rios da Para\u00edba morre durante inc\u00eandio em hotel no Cear\u00e1"},"content":{"rendered":"<p><img width=\"1023\" height=\"578\" src=\"https:\/\/pbagora.s3.amazonaws.com\/2024\/07\/28064245\/incendio-hotel-ceara.jpg\" class=\"attachment-large size-large wp-post-image\" alt=\"\" style=\"margin-bottom: 20px;\" decoding=\"async\" loading=\"lazy\" srcset=\"https:\/\/pbagora.s3.amazonaws.com\/2024\/07\/28064245\/incendio-hotel-ceara.jpg 1023w, https:\/\/pbagora.s3.amazonaws.com\/2024\/07\/28064245\/incendio-hotel-ceara-300x170.jpg 300w, https:\/\/pbagora.s3.amazonaws.com\/2024\/07\/28064245\/incendio-hotel-ceara-150x85.jpg 150w, https:\/\/pbagora.s3.amazonaws.com\/2024\/07\/28064245\/incendio-hotel-ceara-768x434.jpg 768w, https:\/\/pbagora.s3.amazonaws.com\/2024\/07\/28064245\/incendio-hotel-ceara-380x215.jpg 380w, https:\/\/pbagora.s3.amazonaws.com\/2024\/07\/28064245\/incendio-hotel-ceara-800x452.jpg 800w, https:\/\/pbagora.s3.amazonaws.com\/2024\/07\/28064245\/incendio-hotel-ceara-80x46.jpg 80w, https:\/\/pbagora.s3.amazonaws.com\/2024\/07\/28064245\/incendio-hotel-ceara-760x429.jpg 760w, https:\/\/pbagora.s3.amazonaws.com\/2024\/07\/28064245\/incendio-hotel-ceara-600x339.jpg 600w\" sizes=\"(max-width: 1023px) 100vw, 1023px\" \/><\/p><p>Um casal de empres\u00e1rios paraibanos e uma cadela de estima\u00e7\u00e3o morreram, na madrugada de ontem (27), durante um inc\u00eandio em um dos apartamentos de um hotel na Avenida Almirante Barroso, na Praia de Iracema, em Fortaleza (CE).<\/p>\n<p>As v\u00edtimas s\u00e3o Tarcisio Pires Silva, Karina Carla Silveira Sposito, ambos propriet\u00e1rios da empresa T &amp; K. que fabrica artigos em a\u00e7o para supermercados e escrit\u00f3rios. Segundo o portal da G1 no Cear\u00e1, uma testemunha relatou que por volta de 2h45 come\u00e7ou a ouvir os gritos das v\u00edtimas por socorro.<\/p>\n<p>Os moradores de outros pr\u00e9dios sa\u00edram na rua e foram at\u00e9 o hotel alertar sobre o fogo. Antes da chegada do resgate, o empres\u00e1rio se desesperou e pulou do 10\u00ba andar para tentar fugir do fogo que consumia o im\u00f3vel.<\/p>\n<p>O corpo dele atingiu as grades e ele morreu no local. J\u00e1 a mulher e o c\u00e3o de estima\u00e7\u00e3o, morreram dentro do im\u00f3vel.<\/p>\n<p>Conforme o Corpo de Bombeiros, os agentes foram acionados ao local, mas as v\u00edtimas j\u00e1 estavam mortas.<\/p>\n<p>Reda\u00e7\u00e3o com G1<\/p>\n","protected":false},"excerpt":{"rendered":"<p><img loading=\"lazy\" decoding=\"async\" width=\"1023\" height=\"578\" src=\"https:\/\/pbagora.s3.amazonaws.com\/2024\/07\/28064245\/incendio-hotel-ceara.jpg\" class=\"attachment-large size-large wp-post-image\" alt=\"\"><\/p>\n<p>Um casal de empres\u00e1rios paraibanos e uma cadela de estima\u00e7\u00e3o morreram, na madrugada de ontem (27), durante um\u2026<\/p>\n","protected":false},"author":123457,"featured_media":0,"comment_status":"closed","ping_status":"closed","sticky":false,"template":"","format":"standard","meta":{"advgb_blocks_editor_width":"","advgb_blocks_columns_visual_guide":"","footnotes":""},"categories":[34],"tags":[10845,35,10839],"class_list":["post-49389","post","type-post","status-publish","format-standard","hentry","category-g1","tag-destaque-centro-01","tag-g1","tag-policial"],"author_meta":{"display_name":"Reda\u00e7\u00e3o","author_link":"https:\/\/sindaopcpb.org.br\/author\/redacao\/"},"featured_img":null,"coauthors":[],"tax_additional":{"categories":{"linked":["<a href=\"https:\/\/sindaopcpb.org.br\/g1\/\" class=\"advgb-post-tax-term\">G1<\/a>"],"unlinked":["<span class=\"advgb-post-tax-term\">G1<\/span>"]},"tags":{"linked":["<a href=\"https:\/\/sindaopcpb.org.br\/g1\/\" class=\"advgb-post-tax-term\">Destaque Centro 01<\/a>","<a href=\"https:\/\/sindaopcpb.org.br\/g1\/\" class=\"advgb-post-tax-term\">g1<\/a>","<a href=\"https:\/\/sindaopcpb.org.br\/g1\/\" class=\"advgb-post-tax-term\">Policial<\/a>"],"unlinked":["<span class=\"advgb-post-tax-term\">Destaque Centro 01<\/span>","<span class=\"advgb-post-tax-term\">g1<\/span>","<span class=\"advgb-post-tax-term\">Policial<\/span>"]}},"comment_count":"0","relative_dates":{"created":"Publicado 2 anos atr\u00e1s","modified":"Atualizado 2 anos atr\u00e1s"},"absolute_dates":{"created":"Publicado em 28 de julho de 2024","modified":"Atualizado em 28 de julho de 2024"},"absolute_dates_time":{"created":"Publicado em 28 de julho de 2024 06:42","modified":"Atualizado em 28 de julho de 2024 06:42"},"featured_img_caption":"","series_order":"","_links":{"self":[{"href":"https:\/\/sindaopcpb.org.br\/index.php\/wp-json\/wp\/v2\/posts\/49389","targetHints":{"allow":["GET"]}}],"collection":[{"href":"https:\/\/sindaopcpb.org.br\/index.php\/wp-json\/wp\/v2\/posts"}],"about":[{"href":"https:\/\/sindaopcpb.org.br\/index.php\/wp-json\/wp\/v2\/types\/post"}],"author":[{"embeddable":true,"href":"https:\/\/sindaopcpb.org.br\/index.php\/wp-json\/wp\/v2\/users\/123457"}],"replies":[{"embeddable":true,"href":"https:\/\/sindaopcpb.org.br\/index.php\/wp-json\/wp\/v2\/comments?post=49389"}],"version-history":[{"count":2,"href":"https:\/\/sindaopcpb.org.br\/index.php\/wp-json\/wp\/v2\/posts\/49389\/revisions"}],"predecessor-version":[{"id":49396,"href":"https:\/\/sindaopcpb.org.br\/index.php\/wp-json\/wp\/v2\/posts\/49389\/revisions\/49396"}],"wp:attachment":[{"href":"https:\/\/sindaopcpb.org.br\/index.php\/wp-json\/wp\/v2\/media?parent=49389"}],"wp:term":[{"taxonomy":"category","embeddable":true,"href":"https:\/\/sindaopcpb.org.br\/index.php\/wp-json\/wp\/v2\/categories?post=49389"},{"taxonomy":"post_tag","embeddable":true,"href":"https:\/\/sindaopcpb.org.br\/index.php\/wp-json\/wp\/v2\/tags?post=49389"}],"curies":[{"name":"wp","href":"https:\/\/api.w.org\/{rel}","templated":true}]}}