{"id":49377,"date":"2024-07-27T11:15:52","date_gmt":"2024-07-27T14:15:52","guid":{"rendered":"https:\/\/www.pbagora.com.br\/?p=847113"},"modified":"2024-07-27T11:15:52","modified_gmt":"2024-07-27T14:15:52","slug":"homem-e-morto-a-facadas-pelo-enteado-durante-briga-domestica-em-campina-grande","status":"publish","type":"post","link":"https:\/\/sindaopcpb.org.br\/index.php\/2024\/07\/27\/homem-e-morto-a-facadas-pelo-enteado-durante-briga-domestica-em-campina-grande\/","title":{"rendered":"Homem \u00e9 morto a facadas pelo enteado durante briga dom\u00e9stica em Campina Grande"},"content":{"rendered":"<p><img width=\"380\" height=\"280\" src=\"https:\/\/pbagora.s3.amazonaws.com\/2024\/07\/27111538\/POLIC.jpg\" class=\"attachment-large size-large wp-post-image\" alt=\"\" style=\"margin-bottom: 20px;\" decoding=\"async\" srcset=\"https:\/\/pbagora.s3.amazonaws.com\/2024\/07\/27111538\/POLIC.jpg 380w, https:\/\/pbagora.s3.amazonaws.com\/2024\/07\/27111538\/POLIC-300x221.jpg 300w, https:\/\/pbagora.s3.amazonaws.com\/2024\/07\/27111538\/POLIC-150x111.jpg 150w, https:\/\/pbagora.s3.amazonaws.com\/2024\/07\/27111538\/POLIC-80x58.jpg 80w\" sizes=\"(max-width: 380px) 100vw, 380px\" \/><\/p><p>Mais um crime no interior da Para\u00edba. Desta vez um homem foi morto pelo pr\u00f3prio enteado durante uma briga na noite desta sexta-feira (26) em Campina Grande.<\/p>\n<p>De acordo com informa\u00e7\u00f5es da pol\u00edcia, o crime ocorreu dentro de um apartamento localizado na Avenida Epit\u00e1cio Pessoa, no Centro da cidade.<\/p>\n<p>A v\u00edtima, de 31 anos, foi encontrada morta no local. O suspeito de 18 anos, que \u00e9 o enteado, tamb\u00e9m sofreu ferimentos. Na briga, a m\u00e3e da v\u00edtima sofreu um ferimento no bra\u00e7o e foi atendida pelo Servi\u00e7o de Atendimento M\u00f3vel de Urg\u00eancia.<\/p>\n<p>A pol\u00edcia ainda n\u00e3o sabe o que teria motivado o homic\u00eddio e as investiga\u00e7\u00f5es est\u00e3o em andamento para esclarecer as circunst\u00e2ncias do crime. O suspeito foi preso e dever\u00e1 passar por audi\u00eancia de cust\u00f3dia.<\/p>\n<p><strong><em>Reda\u00e7\u00e3o<\/em><\/strong><\/p>\n","protected":false},"excerpt":{"rendered":"<p><img loading=\"lazy\" decoding=\"async\" width=\"380\" height=\"280\" src=\"https:\/\/pbagora.s3.amazonaws.com\/2024\/07\/27111538\/POLIC.jpg\" class=\"attachment-large size-large wp-post-image\" alt=\"\"><\/p>\n<p>Mais um crime no interior da Para\u00edba. Desta vez um homem foi morto pelo pr\u00f3prio enteado durante uma\u2026<\/p>\n","protected":false},"author":123457,"featured_media":0,"comment_status":"closed","ping_status":"closed","sticky":false,"template":"","format":"standard","meta":{"advgb_blocks_editor_width":"","advgb_blocks_columns_visual_guide":"","footnotes":""},"categories":[34],"tags":[10840,35,10839],"class_list":["post-49377","post","type-post","status-publish","format-standard","hentry","category-g1","tag-destaque-centro-03","tag-g1","tag-policial"],"author_meta":{"display_name":"Reda\u00e7\u00e3o","author_link":"https:\/\/sindaopcpb.org.br\/author\/redacao\/"},"featured_img":null,"coauthors":[],"tax_additional":{"categories":{"linked":["<a href=\"https:\/\/sindaopcpb.org.br\/g1\/\" class=\"advgb-post-tax-term\">G1<\/a>"],"unlinked":["<span class=\"advgb-post-tax-term\">G1<\/span>"]},"tags":{"linked":["<a href=\"https:\/\/sindaopcpb.org.br\/g1\/\" class=\"advgb-post-tax-term\">Destaque Centro 03<\/a>","<a href=\"https:\/\/sindaopcpb.org.br\/g1\/\" class=\"advgb-post-tax-term\">g1<\/a>","<a href=\"https:\/\/sindaopcpb.org.br\/g1\/\" class=\"advgb-post-tax-term\">Policial<\/a>"],"unlinked":["<span class=\"advgb-post-tax-term\">Destaque Centro 03<\/span>","<span class=\"advgb-post-tax-term\">g1<\/span>","<span class=\"advgb-post-tax-term\">Policial<\/span>"]}},"comment_count":"0","relative_dates":{"created":"Publicado 2 anos atr\u00e1s","modified":"Atualizado 2 anos atr\u00e1s"},"absolute_dates":{"created":"Publicado em 27 de julho de 2024","modified":"Atualizado em 27 de julho de 2024"},"absolute_dates_time":{"created":"Publicado em 27 de julho de 2024 11:15","modified":"Atualizado em 27 de julho de 2024 11:15"},"featured_img_caption":"","series_order":"","_links":{"self":[{"href":"https:\/\/sindaopcpb.org.br\/index.php\/wp-json\/wp\/v2\/posts\/49377","targetHints":{"allow":["GET"]}}],"collection":[{"href":"https:\/\/sindaopcpb.org.br\/index.php\/wp-json\/wp\/v2\/posts"}],"about":[{"href":"https:\/\/sindaopcpb.org.br\/index.php\/wp-json\/wp\/v2\/types\/post"}],"author":[{"embeddable":true,"href":"https:\/\/sindaopcpb.org.br\/index.php\/wp-json\/wp\/v2\/users\/123457"}],"replies":[{"embeddable":true,"href":"https:\/\/sindaopcpb.org.br\/index.php\/wp-json\/wp\/v2\/comments?post=49377"}],"version-history":[{"count":2,"href":"https:\/\/sindaopcpb.org.br\/index.php\/wp-json\/wp\/v2\/posts\/49377\/revisions"}],"predecessor-version":[{"id":49385,"href":"https:\/\/sindaopcpb.org.br\/index.php\/wp-json\/wp\/v2\/posts\/49377\/revisions\/49385"}],"wp:attachment":[{"href":"https:\/\/sindaopcpb.org.br\/index.php\/wp-json\/wp\/v2\/media?parent=49377"}],"wp:term":[{"taxonomy":"category","embeddable":true,"href":"https:\/\/sindaopcpb.org.br\/index.php\/wp-json\/wp\/v2\/categories?post=49377"},{"taxonomy":"post_tag","embeddable":true,"href":"https:\/\/sindaopcpb.org.br\/index.php\/wp-json\/wp\/v2\/tags?post=49377"}],"curies":[{"name":"wp","href":"https:\/\/api.w.org\/{rel}","templated":true}]}}