{"id":49370,"date":"2024-07-26T18:10:25","date_gmt":"2024-07-26T21:10:25","guid":{"rendered":"https:\/\/www.pbagora.com.br\/?p=846960"},"modified":"2024-07-26T19:10:25","modified_gmt":"2024-07-26T22:10:25","slug":"mafioso-italiano-preso-em-jp-fara-delacao-que-pode-complicar-pcc-e-comando-vermelho","status":"publish","type":"post","link":"https:\/\/sindaopcpb.org.br\/index.php\/2024\/07\/26\/mafioso-italiano-preso-em-jp-fara-delacao-que-pode-complicar-pcc-e-comando-vermelho\/","title":{"rendered":"Mafioso italiano preso em JP far\u00e1 dela\u00e7\u00e3o que pode complicar PCC e Comando Vermelho"},"content":{"rendered":"<p><img width=\"768\" height=\"585\" src=\"https:\/\/pbagora.s3.amazonaws.com\/2024\/07\/26145851\/37c6d275-5883-4c63-ac07-d50f9bfba46d.jpeg\" class=\"attachment-large size-large wp-post-image\" alt=\"\" style=\"margin-bottom: 20px;\" decoding=\"async\" srcset=\"https:\/\/pbagora.s3.amazonaws.com\/2024\/07\/26145851\/37c6d275-5883-4c63-ac07-d50f9bfba46d.jpeg 768w, https:\/\/pbagora.s3.amazonaws.com\/2024\/07\/26145851\/37c6d275-5883-4c63-ac07-d50f9bfba46d-300x229.jpeg 300w, https:\/\/pbagora.s3.amazonaws.com\/2024\/07\/26145851\/37c6d275-5883-4c63-ac07-d50f9bfba46d-150x114.jpeg 150w, https:\/\/pbagora.s3.amazonaws.com\/2024\/07\/26145851\/37c6d275-5883-4c63-ac07-d50f9bfba46d-380x289.jpeg 380w, https:\/\/pbagora.s3.amazonaws.com\/2024\/07\/26145851\/37c6d275-5883-4c63-ac07-d50f9bfba46d-80x60.jpeg 80w, https:\/\/pbagora.s3.amazonaws.com\/2024\/07\/26145851\/37c6d275-5883-4c63-ac07-d50f9bfba46d-760x579.jpeg 760w, https:\/\/pbagora.s3.amazonaws.com\/2024\/07\/26145851\/37c6d275-5883-4c63-ac07-d50f9bfba46d-600x457.jpeg 600w\" sizes=\"(max-width: 768px) 100vw, 768px\" \/><\/p><p data-sourcepos=\"5:1-5:394\">O mafioso italiano Vincenzo Pasquino, preso em Jo\u00e3o Pessoa em 2021, fechou um acordo de colabora\u00e7\u00e3o com a Justi\u00e7a italiana e pode revelar detalhes sobre a liga\u00e7\u00e3o entre a m\u00e1fia italiana e as fac\u00e7\u00f5es criminosas brasileiras PCC e Comando Vermelho. As informa\u00e7\u00f5es foram confirmadas pelo procurador Giovanni Melillo, chefe da Dire\u00e7\u00e3o Nacional Antim\u00e1fia e Antiterrorismo da It\u00e1lia.<\/p>\n<p data-sourcepos=\"7:1-7:291\">Pasquino, considerado um dos maiores intermedi\u00e1rios do tr\u00e1fico de coca\u00edna da Am\u00e9rica do Sul para a Europa, foi preso em um flat no bairro de Tamba\u00fa ao lado de Rocco Morabito, \u00e0 \u00e9poca o segundo homem mais procurado da It\u00e1lia. Ambos eram membros da \u2018Ndrangheta, a mais poderosa m\u00e1fia italiana.<\/p>\n<p data-sourcepos=\"9:1-9:355\">Extraditado para a It\u00e1lia em mar\u00e7o deste ano, o mafioso agora atua como um \u201cpentito\u201d, fornecendo informa\u00e7\u00f5es sobre as opera\u00e7\u00f5es criminosas em troca de benef\u00edcios penais. A expectativa \u00e9 que ele revele detalhes sobre como funciona o tr\u00e1fico internacional de drogas, os canais de comunica\u00e7\u00e3o entre as organiza\u00e7\u00f5es criminosas e os nomes de outros envolvidos.<\/p>\n<p data-sourcepos=\"13:1-13:318\">As informa\u00e7\u00f5es prestadas por Pasquino s\u00e3o de grande interesse para as autoridades brasileiras, que investigam a atua\u00e7\u00e3o de organiza\u00e7\u00f5es criminosas estrangeiras no pa\u00eds. A Procuradoria-Geral da Rep\u00fablica (PGR) brasileira est\u00e1 colaborando com as autoridades italianas para apurar os crimes e identificar os respons\u00e1veis.<\/p>\n<p data-sourcepos=\"17:1-17:337\">A dela\u00e7\u00e3o de Pasquino pode ter um impacto significativo nas atividades do PCC e do Comando Vermelho, al\u00e9m de desmantelar parte da estrutura da \u2018Ndrangheta na Am\u00e9rica do Sul. As informa\u00e7\u00f5es reveladas pelo mafioso podem levar \u00e0 pris\u00e3o de outros membros das organiza\u00e7\u00f5es criminosas e \u00e0 apreens\u00e3o de grandes quantidades de drogas e dinheiro.<\/p>\n","protected":false},"excerpt":{"rendered":"<p><img loading=\"lazy\" decoding=\"async\" width=\"768\" height=\"585\" src=\"https:\/\/pbagora.s3.amazonaws.com\/2024\/07\/26145851\/37c6d275-5883-4c63-ac07-d50f9bfba46d.jpeg\" class=\"attachment-large size-large wp-post-image\" alt=\"\"><\/p>\n<p>O mafioso italiano Vincenzo Pasquino, preso em Jo\u00e3o Pessoa em 2021, fechou um acordo de colabora\u00e7\u00e3o com a\u2026<\/p>\n","protected":false},"author":123458,"featured_media":0,"comment_status":"closed","ping_status":"closed","sticky":false,"template":"","format":"standard","meta":{"advgb_blocks_editor_width":"","advgb_blocks_columns_visual_guide":"","footnotes":""},"categories":[34],"tags":[35,10839],"class_list":["post-49370","post","type-post","status-publish","format-standard","hentry","category-g1","tag-g1","tag-policial"],"author_meta":{"display_name":"Feliphe Rojas","author_link":"https:\/\/sindaopcpb.org.br\/author\/feliphe-rojas\/"},"featured_img":null,"coauthors":[],"tax_additional":{"categories":{"linked":["<a href=\"https:\/\/sindaopcpb.org.br\/g1\/\" class=\"advgb-post-tax-term\">G1<\/a>"],"unlinked":["<span class=\"advgb-post-tax-term\">G1<\/span>"]},"tags":{"linked":["<a href=\"https:\/\/sindaopcpb.org.br\/g1\/\" class=\"advgb-post-tax-term\">g1<\/a>","<a href=\"https:\/\/sindaopcpb.org.br\/g1\/\" class=\"advgb-post-tax-term\">Policial<\/a>"],"unlinked":["<span class=\"advgb-post-tax-term\">g1<\/span>","<span class=\"advgb-post-tax-term\">Policial<\/span>"]}},"comment_count":"0","relative_dates":{"created":"Publicado 2 anos atr\u00e1s","modified":"Atualizado 2 anos atr\u00e1s"},"absolute_dates":{"created":"Publicado em 26 de julho de 2024","modified":"Atualizado em 26 de julho de 2024"},"absolute_dates_time":{"created":"Publicado em 26 de julho de 2024 18:10","modified":"Atualizado em 26 de julho de 2024 19:10"},"featured_img_caption":"","series_order":"","_links":{"self":[{"href":"https:\/\/sindaopcpb.org.br\/index.php\/wp-json\/wp\/v2\/posts\/49370","targetHints":{"allow":["GET"]}}],"collection":[{"href":"https:\/\/sindaopcpb.org.br\/index.php\/wp-json\/wp\/v2\/posts"}],"about":[{"href":"https:\/\/sindaopcpb.org.br\/index.php\/wp-json\/wp\/v2\/types\/post"}],"author":[{"embeddable":true,"href":"https:\/\/sindaopcpb.org.br\/index.php\/wp-json\/wp\/v2\/users\/123458"}],"replies":[{"embeddable":true,"href":"https:\/\/sindaopcpb.org.br\/index.php\/wp-json\/wp\/v2\/comments?post=49370"}],"version-history":[{"count":4,"href":"https:\/\/sindaopcpb.org.br\/index.php\/wp-json\/wp\/v2\/posts\/49370\/revisions"}],"predecessor-version":[{"id":49380,"href":"https:\/\/sindaopcpb.org.br\/index.php\/wp-json\/wp\/v2\/posts\/49370\/revisions\/49380"}],"wp:attachment":[{"href":"https:\/\/sindaopcpb.org.br\/index.php\/wp-json\/wp\/v2\/media?parent=49370"}],"wp:term":[{"taxonomy":"category","embeddable":true,"href":"https:\/\/sindaopcpb.org.br\/index.php\/wp-json\/wp\/v2\/categories?post=49370"},{"taxonomy":"post_tag","embeddable":true,"href":"https:\/\/sindaopcpb.org.br\/index.php\/wp-json\/wp\/v2\/tags?post=49370"}],"curies":[{"name":"wp","href":"https:\/\/api.w.org\/{rel}","templated":true}]}}