{"id":49347,"date":"2024-07-26T06:20:57","date_gmt":"2024-07-26T09:20:57","guid":{"rendered":"https:\/\/www.pbagora.com.br\/?p=846793"},"modified":"2024-07-26T09:43:57","modified_gmt":"2024-07-26T12:43:57","slug":"definido-juri-de-ex-namorado-de-frentista-morta-enquanto-trabalhava-em-bonito-de-santa-fe","status":"publish","type":"post","link":"https:\/\/sindaopcpb.org.br\/index.php\/2024\/07\/26\/definido-juri-de-ex-namorado-de-frentista-morta-enquanto-trabalhava-em-bonito-de-santa-fe\/","title":{"rendered":"J\u00fari de ex-namorado que matou frentista enquanto ela trabalhava, em Bonito de Santa F\u00e9, \u00e9 marcado"},"content":{"rendered":"<p><img width=\"516\" height=\"350\" src=\"https:\/\/pbagora.s3.amazonaws.com\/2024\/07\/26062039\/imagens_b98039d3-de47-4fbc-82af-49720f635a0b.jpg\" class=\"attachment-large size-large wp-post-image\" alt=\"\" style=\"margin-bottom: 20px;\" decoding=\"async\" srcset=\"https:\/\/pbagora.s3.amazonaws.com\/2024\/07\/26062039\/imagens_b98039d3-de47-4fbc-82af-49720f635a0b.jpg 516w, https:\/\/pbagora.s3.amazonaws.com\/2024\/07\/26062039\/imagens_b98039d3-de47-4fbc-82af-49720f635a0b-300x203.jpg 300w, https:\/\/pbagora.s3.amazonaws.com\/2024\/07\/26062039\/imagens_b98039d3-de47-4fbc-82af-49720f635a0b-150x102.jpg 150w, https:\/\/pbagora.s3.amazonaws.com\/2024\/07\/26062039\/imagens_b98039d3-de47-4fbc-82af-49720f635a0b-380x258.jpg 380w, https:\/\/pbagora.s3.amazonaws.com\/2024\/07\/26062039\/imagens_b98039d3-de47-4fbc-82af-49720f635a0b-80x54.jpg 80w\" sizes=\"(max-width: 516px) 100vw, 516px\" \/><\/p><p>Em decis\u00e3o a justi\u00e7a marcou o j\u00fari de Francisco Erismar, suspeito de assassinar sua ex-companheira Rayssa Rayara, foi marcado para o pr\u00f3ximo dia 12 de agosto. O crime ocorreu no dia 2 de mar\u00e7o, na cidade de Bonito de Santa F\u00e9. Imagens de um circuito de seguran\u00e7a registraram o momento em que Francisco chegou ao local e atirou na cabe\u00e7a de Rayssa, sem dar chance de defesa \u00e0 v\u00edtima.<a href=\"https:\/\/pbagora.s3.amazonaws.com\/2024\/07\/26062034\/Sem-titulo-35.jpg\"><img  decoding=\"async\"  class=\"aligncenter size-full wp-image-846796\"  src=\"https:\/\/pbagora.s3.amazonaws.com\/2024\/07\/26062034\/Sem-titulo-35.jpg\"  alt=\"\"  width=\"927\"  height=\"415\"  srcset=\"https:\/\/pbagora.s3.amazonaws.com\/2024\/07\/26062034\/Sem-titulo-35.jpg 927w, https:\/\/pbagora.s3.amazonaws.com\/2024\/07\/26062034\/Sem-titulo-35-300x134.jpg 300w, https:\/\/pbagora.s3.amazonaws.com\/2024\/07\/26062034\/Sem-titulo-35-150x67.jpg 150w, https:\/\/pbagora.s3.amazonaws.com\/2024\/07\/26062034\/Sem-titulo-35-768x344.jpg 768w, https:\/\/pbagora.s3.amazonaws.com\/2024\/07\/26062034\/Sem-titulo-35-380x170.jpg 380w, https:\/\/pbagora.s3.amazonaws.com\/2024\/07\/26062034\/Sem-titulo-35-800x358.jpg 800w, https:\/\/pbagora.s3.amazonaws.com\/2024\/07\/26062034\/Sem-titulo-35-80x36.jpg 80w, https:\/\/pbagora.s3.amazonaws.com\/2024\/07\/26062034\/Sem-titulo-35-760x340.jpg 760w, https:\/\/pbagora.s3.amazonaws.com\/2024\/07\/26062034\/Sem-titulo-35-600x269.jpg 600w\"  sizes=\"(max-width: 927px) 100vw, 927px\" ><\/a><\/p>\n<p>Em entrevista \u00e0 imprensa a m\u00e3e de Rayssa, ao saber que o j\u00fari foi marcado, expressou sua esperan\u00e7a de que o suspeito seja condenado \u00e0 pena m\u00e1xima e cumpra pelo crime que cometeu. &#8220;Que ele pague pelo que fez. Ele tirou a vida de uma jovem de 30 anos, m\u00e3e de tr\u00eas filhos&#8221;, declarou a m\u00e3e, emocionada.<\/p>\n<p>Rayssa deixou tr\u00eas crian\u00e7as que agora precisam de tratamento e cuidados. A fam\u00edlia est\u00e1 profundamente abalada pelo ocorrido e espera que a justi\u00e7a seja feita para que Francisco Erismar seja responsabilizado pelo assassinato.<\/p>\n<p>Reda\u00e7\u00e3o<\/p>\n","protected":false},"excerpt":{"rendered":"<p><img loading=\"lazy\" decoding=\"async\" width=\"516\" height=\"350\" src=\"https:\/\/pbagora.s3.amazonaws.com\/2024\/07\/26062039\/imagens_b98039d3-de47-4fbc-82af-49720f635a0b.jpg\" class=\"attachment-large size-large wp-post-image\" alt=\"\"><\/p>\n<p>Em decis\u00e3o a justi\u00e7a marcou o j\u00fari de Francisco Erismar, suspeito de assassinar sua ex-companheira Rayssa Rayara, foi\u2026<\/p>\n","protected":false},"author":123457,"featured_media":0,"comment_status":"closed","ping_status":"closed","sticky":false,"template":"","format":"standard","meta":{"advgb_blocks_editor_width":"","advgb_blocks_columns_visual_guide":"","footnotes":""},"categories":[34],"tags":[10840,35,10839],"class_list":["post-49347","post","type-post","status-publish","format-standard","hentry","category-g1","tag-destaque-centro-03","tag-g1","tag-policial"],"author_meta":{"display_name":"Reda\u00e7\u00e3o","author_link":"https:\/\/sindaopcpb.org.br\/author\/redacao\/"},"featured_img":null,"coauthors":[],"tax_additional":{"categories":{"linked":["<a href=\"https:\/\/sindaopcpb.org.br\/g1\/\" class=\"advgb-post-tax-term\">G1<\/a>"],"unlinked":["<span class=\"advgb-post-tax-term\">G1<\/span>"]},"tags":{"linked":["<a href=\"https:\/\/sindaopcpb.org.br\/g1\/\" class=\"advgb-post-tax-term\">Destaque Centro 03<\/a>","<a href=\"https:\/\/sindaopcpb.org.br\/g1\/\" class=\"advgb-post-tax-term\">g1<\/a>","<a href=\"https:\/\/sindaopcpb.org.br\/g1\/\" class=\"advgb-post-tax-term\">Policial<\/a>"],"unlinked":["<span class=\"advgb-post-tax-term\">Destaque Centro 03<\/span>","<span class=\"advgb-post-tax-term\">g1<\/span>","<span class=\"advgb-post-tax-term\">Policial<\/span>"]}},"comment_count":"0","relative_dates":{"created":"Publicado 2 anos atr\u00e1s","modified":"Atualizado 2 anos atr\u00e1s"},"absolute_dates":{"created":"Publicado em 26 de julho de 2024","modified":"Atualizado em 26 de julho de 2024"},"absolute_dates_time":{"created":"Publicado em 26 de julho de 2024 06:20","modified":"Atualizado em 26 de julho de 2024 09:43"},"featured_img_caption":"","series_order":"","_links":{"self":[{"href":"https:\/\/sindaopcpb.org.br\/index.php\/wp-json\/wp\/v2\/posts\/49347","targetHints":{"allow":["GET"]}}],"collection":[{"href":"https:\/\/sindaopcpb.org.br\/index.php\/wp-json\/wp\/v2\/posts"}],"about":[{"href":"https:\/\/sindaopcpb.org.br\/index.php\/wp-json\/wp\/v2\/types\/post"}],"author":[{"embeddable":true,"href":"https:\/\/sindaopcpb.org.br\/index.php\/wp-json\/wp\/v2\/users\/123457"}],"replies":[{"embeddable":true,"href":"https:\/\/sindaopcpb.org.br\/index.php\/wp-json\/wp\/v2\/comments?post=49347"}],"version-history":[{"count":4,"href":"https:\/\/sindaopcpb.org.br\/index.php\/wp-json\/wp\/v2\/posts\/49347\/revisions"}],"predecessor-version":[{"id":49364,"href":"https:\/\/sindaopcpb.org.br\/index.php\/wp-json\/wp\/v2\/posts\/49347\/revisions\/49364"}],"wp:attachment":[{"href":"https:\/\/sindaopcpb.org.br\/index.php\/wp-json\/wp\/v2\/media?parent=49347"}],"wp:term":[{"taxonomy":"category","embeddable":true,"href":"https:\/\/sindaopcpb.org.br\/index.php\/wp-json\/wp\/v2\/categories?post=49347"},{"taxonomy":"post_tag","embeddable":true,"href":"https:\/\/sindaopcpb.org.br\/index.php\/wp-json\/wp\/v2\/tags?post=49347"}],"curies":[{"name":"wp","href":"https:\/\/api.w.org\/{rel}","templated":true}]}}