{"id":49345,"date":"2024-07-26T06:24:58","date_gmt":"2024-07-26T09:24:58","guid":{"rendered":"https:\/\/www.pbagora.com.br\/?p=846799"},"modified":"2024-07-26T06:24:58","modified_gmt":"2024-07-26T09:24:58","slug":"policia-prende-homem-horas-apos-discutir-e-matar-o-vizinho-a-facadas-em-alhandra","status":"publish","type":"post","link":"https:\/\/sindaopcpb.org.br\/index.php\/2024\/07\/26\/policia-prende-homem-horas-apos-discutir-e-matar-o-vizinho-a-facadas-em-alhandra\/","title":{"rendered":"Pol\u00edcia prende homem horas ap\u00f3s discutir e matar o vizinho a facadas em Alhandra"},"content":{"rendered":"<p><img width=\"927\" height=\"405\" src=\"https:\/\/pbagora.s3.amazonaws.com\/2024\/07\/26062448\/Sem-titulo-36.jpg\" class=\"attachment-large size-large wp-post-image\" alt=\"\" style=\"margin-bottom: 20px;\" decoding=\"async\" srcset=\"https:\/\/pbagora.s3.amazonaws.com\/2024\/07\/26062448\/Sem-titulo-36.jpg 927w, https:\/\/pbagora.s3.amazonaws.com\/2024\/07\/26062448\/Sem-titulo-36-300x131.jpg 300w, https:\/\/pbagora.s3.amazonaws.com\/2024\/07\/26062448\/Sem-titulo-36-150x66.jpg 150w, https:\/\/pbagora.s3.amazonaws.com\/2024\/07\/26062448\/Sem-titulo-36-768x336.jpg 768w, https:\/\/pbagora.s3.amazonaws.com\/2024\/07\/26062448\/Sem-titulo-36-380x166.jpg 380w, https:\/\/pbagora.s3.amazonaws.com\/2024\/07\/26062448\/Sem-titulo-36-800x350.jpg 800w, https:\/\/pbagora.s3.amazonaws.com\/2024\/07\/26062448\/Sem-titulo-36-80x35.jpg 80w, https:\/\/pbagora.s3.amazonaws.com\/2024\/07\/26062448\/Sem-titulo-36-760x332.jpg 760w, https:\/\/pbagora.s3.amazonaws.com\/2024\/07\/26062448\/Sem-titulo-36-600x262.jpg 600w\" sizes=\"(max-width: 927px) 100vw, 927px\" \/><\/p><p>Uma a\u00e7\u00e3o da Pol\u00edcia Civil deteve em flagrante o homem acusado de matar seu vizinho na noite da \u00faltima quarta-feira (24), em Alhandra, Litoral Sul da Para\u00edba. O crime ocorreu ap\u00f3s uma discuss\u00e3o entre os dois e foi registrado por c\u00e2meras de seguran\u00e7a. Ap\u00f3s cometer o crime, o suspeito fugiu para Jo\u00e3o Pessoa, mas foi preso horas depois pela Pol\u00edcia Militar, com o aux\u00edlio do N\u00facleo de Homic\u00eddios de Alhandra.<\/p>\n<p>De acordo com o delegado do N\u00facleo de Homic\u00eddios de Alhandra, \u00c9der Hass, as autoridades possuem provas testemunhais e materiais que elucidam o crime. A discuss\u00e3o entre os dois vizinhos, um deles com passagens pela pol\u00edcia e que j\u00e1 havia cumprido mais de 17 anos de pris\u00e3o, resultou em um ataque com mais de 11 facadas na v\u00edtima, atingindo a regi\u00e3o lateral do corpo, a perna e o cora\u00e7\u00e3o.<\/p>\n<p>Ap\u00f3s o crime, o assassino fugiu para Jo\u00e3o Pessoa. Atrav\u00e9s da parceria e troca de informa\u00e7\u00f5es com o Centro Integrado de Comando e Controle (CICC), a pol\u00edcia conseguiu localizar o suspeito e efetuar sua pris\u00e3o. Ele foi detido pela Pol\u00edcia Militar e est\u00e1 sendo conduzido para a Central de Cust\u00f3dia.<\/p>\n<p>O policial destacou a efici\u00eancia da investiga\u00e7\u00e3o e a r\u00e1pida resposta das for\u00e7as de seguran\u00e7a, que conseguiram prender o suspeito em poucas horas ap\u00f3s o crime. A investiga\u00e7\u00e3o continuar\u00e1 para garantir que todas as provas sejam devidamente analisadas e apresentadas \u00e0 Justi\u00e7a.<\/p>\n<p>Reda\u00e7\u00e3o<\/p>\n","protected":false},"excerpt":{"rendered":"<p><img loading=\"lazy\" decoding=\"async\" width=\"927\" height=\"405\" src=\"https:\/\/pbagora.s3.amazonaws.com\/2024\/07\/26062448\/Sem-titulo-36.jpg\" class=\"attachment-large size-large wp-post-image\" alt=\"\"><\/p>\n<p>Uma a\u00e7\u00e3o da Pol\u00edcia Civil deteve em flagrante o homem acusado de matar seu vizinho na noite da\u2026<\/p>\n","protected":false},"author":123457,"featured_media":0,"comment_status":"closed","ping_status":"closed","sticky":false,"template":"","format":"standard","meta":{"advgb_blocks_editor_width":"","advgb_blocks_columns_visual_guide":"","footnotes":""},"categories":[34],"tags":[10845,35,10839],"class_list":["post-49345","post","type-post","status-publish","format-standard","hentry","category-g1","tag-destaque-centro-01","tag-g1","tag-policial"],"author_meta":{"display_name":"Reda\u00e7\u00e3o","author_link":"https:\/\/sindaopcpb.org.br\/author\/redacao\/"},"featured_img":null,"coauthors":[],"tax_additional":{"categories":{"linked":["<a href=\"https:\/\/sindaopcpb.org.br\/g1\/\" class=\"advgb-post-tax-term\">G1<\/a>"],"unlinked":["<span class=\"advgb-post-tax-term\">G1<\/span>"]},"tags":{"linked":["<a href=\"https:\/\/sindaopcpb.org.br\/g1\/\" class=\"advgb-post-tax-term\">Destaque Centro 01<\/a>","<a href=\"https:\/\/sindaopcpb.org.br\/g1\/\" class=\"advgb-post-tax-term\">g1<\/a>","<a href=\"https:\/\/sindaopcpb.org.br\/g1\/\" class=\"advgb-post-tax-term\">Policial<\/a>"],"unlinked":["<span class=\"advgb-post-tax-term\">Destaque Centro 01<\/span>","<span class=\"advgb-post-tax-term\">g1<\/span>","<span class=\"advgb-post-tax-term\">Policial<\/span>"]}},"comment_count":"0","relative_dates":{"created":"Publicado 2 anos atr\u00e1s","modified":"Atualizado 2 anos atr\u00e1s"},"absolute_dates":{"created":"Publicado em 26 de julho de 2024","modified":"Atualizado em 26 de julho de 2024"},"absolute_dates_time":{"created":"Publicado em 26 de julho de 2024 06:24","modified":"Atualizado em 26 de julho de 2024 06:24"},"featured_img_caption":"","series_order":"","_links":{"self":[{"href":"https:\/\/sindaopcpb.org.br\/index.php\/wp-json\/wp\/v2\/posts\/49345","targetHints":{"allow":["GET"]}}],"collection":[{"href":"https:\/\/sindaopcpb.org.br\/index.php\/wp-json\/wp\/v2\/posts"}],"about":[{"href":"https:\/\/sindaopcpb.org.br\/index.php\/wp-json\/wp\/v2\/types\/post"}],"author":[{"embeddable":true,"href":"https:\/\/sindaopcpb.org.br\/index.php\/wp-json\/wp\/v2\/users\/123457"}],"replies":[{"embeddable":true,"href":"https:\/\/sindaopcpb.org.br\/index.php\/wp-json\/wp\/v2\/comments?post=49345"}],"version-history":[{"count":3,"href":"https:\/\/sindaopcpb.org.br\/index.php\/wp-json\/wp\/v2\/posts\/49345\/revisions"}],"predecessor-version":[{"id":49361,"href":"https:\/\/sindaopcpb.org.br\/index.php\/wp-json\/wp\/v2\/posts\/49345\/revisions\/49361"}],"wp:attachment":[{"href":"https:\/\/sindaopcpb.org.br\/index.php\/wp-json\/wp\/v2\/media?parent=49345"}],"wp:term":[{"taxonomy":"category","embeddable":true,"href":"https:\/\/sindaopcpb.org.br\/index.php\/wp-json\/wp\/v2\/categories?post=49345"},{"taxonomy":"post_tag","embeddable":true,"href":"https:\/\/sindaopcpb.org.br\/index.php\/wp-json\/wp\/v2\/tags?post=49345"}],"curies":[{"name":"wp","href":"https:\/\/api.w.org\/{rel}","templated":true}]}}