{"id":49341,"date":"2024-07-25T16:05:53","date_gmt":"2024-07-25T19:05:53","guid":{"rendered":"https:\/\/www.pbagora.com.br\/?p=846737"},"modified":"2024-07-25T16:05:53","modified_gmt":"2024-07-25T19:05:53","slug":"trio-e-preso-por-crimes-patrimoniais-em-bananeiras-apos-investigacao-da-policia-civil","status":"publish","type":"post","link":"https:\/\/sindaopcpb.org.br\/index.php\/2024\/07\/25\/trio-e-preso-por-crimes-patrimoniais-em-bananeiras-apos-investigacao-da-policia-civil\/","title":{"rendered":"Trio \u00e9 preso por crimes patrimoniais em Bananeiras ap\u00f3s investiga\u00e7\u00e3o da Pol\u00edcia Civil"},"content":{"rendered":"<p><img width=\"700\" height=\"467\" src=\"https:\/\/pbagora.s3.amazonaws.com\/2024\/05\/24093951\/viatura-policia-civil-pb-foto-ascom-pcpb-e1675522003278.jpg\" class=\"attachment-large size-large wp-post-image\" alt=\"\" style=\"margin-bottom: 20px;\" decoding=\"async\" loading=\"lazy\" srcset=\"https:\/\/pbagora.s3.amazonaws.com\/2024\/05\/24093951\/viatura-policia-civil-pb-foto-ascom-pcpb-e1675522003278.jpg 700w, https:\/\/pbagora.s3.amazonaws.com\/2024\/05\/24093951\/viatura-policia-civil-pb-foto-ascom-pcpb-e1675522003278-300x200.jpg 300w, https:\/\/pbagora.s3.amazonaws.com\/2024\/05\/24093951\/viatura-policia-civil-pb-foto-ascom-pcpb-e1675522003278-150x100.jpg 150w, https:\/\/pbagora.s3.amazonaws.com\/2024\/05\/24093951\/viatura-policia-civil-pb-foto-ascom-pcpb-e1675522003278-380x254.jpg 380w, https:\/\/pbagora.s3.amazonaws.com\/2024\/05\/24093951\/viatura-policia-civil-pb-foto-ascom-pcpb-e1675522003278-80x53.jpg 80w, https:\/\/pbagora.s3.amazonaws.com\/2024\/05\/24093951\/viatura-policia-civil-pb-foto-ascom-pcpb-e1675522003278-600x400.jpg 600w\" sizes=\"(max-width: 700px) 100vw, 700px\" \/><\/p><p>Uma opera\u00e7\u00e3o das pol\u00edcias Civil e Militar prendeu tr\u00eas homens investigados por crimes de furto, recepta\u00e7\u00e3o e tortura no munic\u00edpio de Bananeiras. A a\u00e7\u00e3o policial aconteceu na manh\u00e3 desta quinta-feira, 25 de julho, e cumpriu ainda oito mandados de busca e apreens\u00e3o. A investiga\u00e7\u00e3o \u00e9 da Delegacia de Bananeiras.<\/p>\n<p>Os tr\u00eas homens presos t\u00eam hist\u00f3rico criminal por envolvimento em outros delitos. Durante as dilig\u00eancias, os policiais apreenderam armas e drogas. O material foi encaminhado para exames no Instituto de Pol\u00edcia Cient\u00edfica (IPC).<\/p>\n<p>As pris\u00f5es foram comunicadas \u00e0 justi\u00e7a.<\/p>\n","protected":false},"excerpt":{"rendered":"<p><img loading=\"lazy\" decoding=\"async\" width=\"700\" height=\"467\" src=\"https:\/\/pbagora.s3.amazonaws.com\/2024\/05\/24093951\/viatura-policia-civil-pb-foto-ascom-pcpb-e1675522003278.jpg\" class=\"attachment-large size-large wp-post-image\" alt=\"\"><\/p>\n<p>Uma opera\u00e7\u00e3o das pol\u00edcias Civil e Militar prendeu tr\u00eas homens investigados por crimes de furto, recepta\u00e7\u00e3o e tortura\u2026<\/p>\n","protected":false},"author":123458,"featured_media":0,"comment_status":"closed","ping_status":"closed","sticky":false,"template":"","format":"standard","meta":{"advgb_blocks_editor_width":"","advgb_blocks_columns_visual_guide":"","footnotes":""},"categories":[34],"tags":[35,10839,10842],"class_list":["post-49341","post","type-post","status-publish","format-standard","hentry","category-g1","tag-g1","tag-policial","tag-principal3"],"author_meta":{"display_name":"Feliphe Rojas","author_link":"https:\/\/sindaopcpb.org.br\/author\/feliphe-rojas\/"},"featured_img":null,"coauthors":[],"tax_additional":{"categories":{"linked":["<a href=\"https:\/\/sindaopcpb.org.br\/g1\/\" class=\"advgb-post-tax-term\">G1<\/a>"],"unlinked":["<span class=\"advgb-post-tax-term\">G1<\/span>"]},"tags":{"linked":["<a href=\"https:\/\/sindaopcpb.org.br\/g1\/\" class=\"advgb-post-tax-term\">g1<\/a>","<a href=\"https:\/\/sindaopcpb.org.br\/g1\/\" class=\"advgb-post-tax-term\">Policial<\/a>","<a href=\"https:\/\/sindaopcpb.org.br\/g1\/\" class=\"advgb-post-tax-term\">Principal3<\/a>"],"unlinked":["<span class=\"advgb-post-tax-term\">g1<\/span>","<span class=\"advgb-post-tax-term\">Policial<\/span>","<span class=\"advgb-post-tax-term\">Principal3<\/span>"]}},"comment_count":"0","relative_dates":{"created":"Publicado 2 anos atr\u00e1s","modified":"Atualizado 2 anos atr\u00e1s"},"absolute_dates":{"created":"Publicado em 25 de julho de 2024","modified":"Atualizado em 25 de julho de 2024"},"absolute_dates_time":{"created":"Publicado em 25 de julho de 2024 16:05","modified":"Atualizado em 25 de julho de 2024 16:05"},"featured_img_caption":"","series_order":"","_links":{"self":[{"href":"https:\/\/sindaopcpb.org.br\/index.php\/wp-json\/wp\/v2\/posts\/49341","targetHints":{"allow":["GET"]}}],"collection":[{"href":"https:\/\/sindaopcpb.org.br\/index.php\/wp-json\/wp\/v2\/posts"}],"about":[{"href":"https:\/\/sindaopcpb.org.br\/index.php\/wp-json\/wp\/v2\/types\/post"}],"author":[{"embeddable":true,"href":"https:\/\/sindaopcpb.org.br\/index.php\/wp-json\/wp\/v2\/users\/123458"}],"replies":[{"embeddable":true,"href":"https:\/\/sindaopcpb.org.br\/index.php\/wp-json\/wp\/v2\/comments?post=49341"}],"version-history":[{"count":2,"href":"https:\/\/sindaopcpb.org.br\/index.php\/wp-json\/wp\/v2\/posts\/49341\/revisions"}],"predecessor-version":[{"id":49350,"href":"https:\/\/sindaopcpb.org.br\/index.php\/wp-json\/wp\/v2\/posts\/49341\/revisions\/49350"}],"wp:attachment":[{"href":"https:\/\/sindaopcpb.org.br\/index.php\/wp-json\/wp\/v2\/media?parent=49341"}],"wp:term":[{"taxonomy":"category","embeddable":true,"href":"https:\/\/sindaopcpb.org.br\/index.php\/wp-json\/wp\/v2\/categories?post=49341"},{"taxonomy":"post_tag","embeddable":true,"href":"https:\/\/sindaopcpb.org.br\/index.php\/wp-json\/wp\/v2\/tags?post=49341"}],"curies":[{"name":"wp","href":"https:\/\/api.w.org\/{rel}","templated":true}]}}