{"id":49335,"date":"2024-07-25T14:24:43","date_gmt":"2024-07-25T17:24:43","guid":{"rendered":"https:\/\/www.pbagora.com.br\/?p=846666"},"modified":"2024-07-25T14:24:43","modified_gmt":"2024-07-25T17:24:43","slug":"pms-recebem-treinamento-com-novas-motos-aquaticas-para-reforcar-seguranca-e-combater-o-trafico-de-drogas","status":"publish","type":"post","link":"https:\/\/sindaopcpb.org.br\/index.php\/2024\/07\/25\/pms-recebem-treinamento-com-novas-motos-aquaticas-para-reforcar-seguranca-e-combater-o-trafico-de-drogas\/","title":{"rendered":"PMs recebem treinamento com novas motos aqu\u00e1ticas para refor\u00e7ar seguran\u00e7a e combater o tr\u00e1fico de drogas"},"content":{"rendered":"<p><img width=\"1024\" height=\"768\" src=\"https:\/\/pbagora.s3.amazonaws.com\/2024\/07\/25142431\/unnamed-36-1024x768.jpg\" class=\"attachment-large size-large wp-post-image\" alt=\"\" style=\"margin-bottom: 20px;\" decoding=\"async\" srcset=\"https:\/\/pbagora.s3.amazonaws.com\/2024\/07\/25142431\/unnamed-36-1024x768.jpg 1024w, https:\/\/pbagora.s3.amazonaws.com\/2024\/07\/25142431\/unnamed-36-300x225.jpg 300w, https:\/\/pbagora.s3.amazonaws.com\/2024\/07\/25142431\/unnamed-36-150x113.jpg 150w, https:\/\/pbagora.s3.amazonaws.com\/2024\/07\/25142431\/unnamed-36-768x576.jpg 768w, https:\/\/pbagora.s3.amazonaws.com\/2024\/07\/25142431\/unnamed-36-1536x1152.jpg 1536w, https:\/\/pbagora.s3.amazonaws.com\/2024\/07\/25142431\/unnamed-36-200x150.jpg 200w, https:\/\/pbagora.s3.amazonaws.com\/2024\/07\/25142431\/unnamed-36-260x195.jpg 260w, https:\/\/pbagora.s3.amazonaws.com\/2024\/07\/25142431\/unnamed-36-380x285.jpg 380w, https:\/\/pbagora.s3.amazonaws.com\/2024\/07\/25142431\/unnamed-36-800x600.jpg 800w, https:\/\/pbagora.s3.amazonaws.com\/2024\/07\/25142431\/unnamed-36-1160x870.jpg 1160w, https:\/\/pbagora.s3.amazonaws.com\/2024\/07\/25142431\/unnamed-36-80x60.jpg 80w, https:\/\/pbagora.s3.amazonaws.com\/2024\/07\/25142431\/unnamed-36-600x450.jpg 600w, https:\/\/pbagora.s3.amazonaws.com\/2024\/07\/25142431\/unnamed-36-520x390.jpg 520w, https:\/\/pbagora.s3.amazonaws.com\/2024\/07\/25142431\/unnamed-36-760x570.jpg 760w, https:\/\/pbagora.s3.amazonaws.com\/2024\/07\/25142431\/unnamed-36.jpg 1600w\" sizes=\"(max-width: 1024px) 100vw, 1024px\" \/><\/p><p>Policiais militares j\u00e1 est\u00e3o recebendo treinamento para operarem nas novas motos aqu\u00e1ticas da corpora\u00e7\u00e3o, visando o refor\u00e7o das a\u00e7\u00f5es de seguran\u00e7a no estu\u00e1rio do rio Para\u00edba e em mar. Os equipamentos foram entregues nesta semana e j\u00e1 garantiram pris\u00f5es e apreens\u00f5es de armas e drogas na Grande Jo\u00e3o Pessoa.<\/p>\n<p>As instru\u00e7\u00f5es come\u00e7aram nesta quinta-feira (25) e contaram com o pr\u00f3prio comandante-geral da PM, coronel S\u00e9rgio Fonseca, o coordenador-geral do Estado-Maior Estrat\u00e9gico da corpora\u00e7\u00e3o,coronel Souza Neto, e policiais da regi\u00e3o metropolitana. A atividade j\u00e1 teve instru\u00e7\u00f5es pr\u00e1ticas no rio Para\u00edba, na regi\u00e3o da praia do Jacar\u00e9, com aulas do instrutor Jo\u00e3o Kairalla, que \u00e9 campe\u00e3o mundial de moto aqu\u00e1tica e piloto multicategoria, respons\u00e1vel por treinamentos em diversas For\u00e7as como Capitania dos Portos no Rio de Janeiro e S\u00e3o Paulo, Corpo de Bombeiros, sendo reconhecido mundialmente.<\/p>\n<p>A chegada das motos aqu\u00e1ticas deve permitir maior alcance e cobertura da Pol\u00edcia Militar em \u00e1reas de dif\u00edcil acesso. \u201cO objetivo maior \u00e9 o combate ao tr\u00e1fico de drogas no rio Para\u00edba. Mas tamb\u00e9m vamos fortalecer a a\u00e7\u00e3o preventiva da PM em \u00e1reas tur\u00edsticas, como Areia Vermelha, Pic\u00e3ozinho, Prainha, entre outras, j\u00e1 que nos dois \u00faltimos ver\u00f5es estamos tendo uma movimenta\u00e7\u00e3o muito grande de pessoas nessas localidades\u201d, destacou o coronel S\u00e9rgio. \u201cO governo do Estado, atrav\u00e9s do governador Jo\u00e3o Azev\u00eado, adquiriu 10 motos aqu\u00e1ticas e tr\u00eas lanchas semiblindadas para fortalecer justamente essas a\u00e7\u00f5es de seguran\u00e7a\u201d, completou o comandante.<\/p>\n<p>Na \u00faltima ter\u00e7a-feira (23), cinco integrantes de uma fac\u00e7\u00e3o criminosa ligada ao tr\u00e1fico de drogas foram presos pela PM em uma opera\u00e7\u00e3o na cidade de Lucena, que teve um cerco por terra e tamb\u00e9m pelas \u00e1guas, usando as novas motos aqu\u00e1ticas.<\/p>\n","protected":false},"excerpt":{"rendered":"<p><img loading=\"lazy\" decoding=\"async\" width=\"1024\" height=\"768\" src=\"https:\/\/pbagora.s3.amazonaws.com\/2024\/07\/25142431\/unnamed-36-1024x768.jpg\" class=\"attachment-large size-large wp-post-image\" alt=\"\"><\/p>\n<p>Policiais militares j\u00e1 est\u00e3o recebendo treinamento para operarem nas novas motos aqu\u00e1ticas da corpora\u00e7\u00e3o, visando o refor\u00e7o das\u2026<\/p>\n","protected":false},"author":123458,"featured_media":0,"comment_status":"closed","ping_status":"closed","sticky":false,"template":"","format":"standard","meta":{"advgb_blocks_editor_width":"","advgb_blocks_columns_visual_guide":"","footnotes":""},"categories":[34],"tags":[10841,35,10839],"class_list":["post-49335","post","type-post","status-publish","format-standard","hentry","category-g1","tag-destaque-centro-02","tag-g1","tag-policial"],"author_meta":{"display_name":"Feliphe Rojas","author_link":"https:\/\/sindaopcpb.org.br\/author\/feliphe-rojas\/"},"featured_img":null,"coauthors":[],"tax_additional":{"categories":{"linked":["<a href=\"https:\/\/sindaopcpb.org.br\/g1\/\" class=\"advgb-post-tax-term\">G1<\/a>"],"unlinked":["<span class=\"advgb-post-tax-term\">G1<\/span>"]},"tags":{"linked":["<a href=\"https:\/\/sindaopcpb.org.br\/g1\/\" class=\"advgb-post-tax-term\">Destaque Centro 02<\/a>","<a href=\"https:\/\/sindaopcpb.org.br\/g1\/\" class=\"advgb-post-tax-term\">g1<\/a>","<a href=\"https:\/\/sindaopcpb.org.br\/g1\/\" class=\"advgb-post-tax-term\">Policial<\/a>"],"unlinked":["<span class=\"advgb-post-tax-term\">Destaque Centro 02<\/span>","<span class=\"advgb-post-tax-term\">g1<\/span>","<span class=\"advgb-post-tax-term\">Policial<\/span>"]}},"comment_count":"0","relative_dates":{"created":"Publicado 2 anos atr\u00e1s","modified":"Atualizado 2 anos atr\u00e1s"},"absolute_dates":{"created":"Publicado em 25 de julho de 2024","modified":"Atualizado em 25 de julho de 2024"},"absolute_dates_time":{"created":"Publicado em 25 de julho de 2024 14:24","modified":"Atualizado em 25 de julho de 2024 14:24"},"featured_img_caption":"","series_order":"","_links":{"self":[{"href":"https:\/\/sindaopcpb.org.br\/index.php\/wp-json\/wp\/v2\/posts\/49335","targetHints":{"allow":["GET"]}}],"collection":[{"href":"https:\/\/sindaopcpb.org.br\/index.php\/wp-json\/wp\/v2\/posts"}],"about":[{"href":"https:\/\/sindaopcpb.org.br\/index.php\/wp-json\/wp\/v2\/types\/post"}],"author":[{"embeddable":true,"href":"https:\/\/sindaopcpb.org.br\/index.php\/wp-json\/wp\/v2\/users\/123458"}],"replies":[{"embeddable":true,"href":"https:\/\/sindaopcpb.org.br\/index.php\/wp-json\/wp\/v2\/comments?post=49335"}],"version-history":[{"count":2,"href":"https:\/\/sindaopcpb.org.br\/index.php\/wp-json\/wp\/v2\/posts\/49335\/revisions"}],"predecessor-version":[{"id":49343,"href":"https:\/\/sindaopcpb.org.br\/index.php\/wp-json\/wp\/v2\/posts\/49335\/revisions\/49343"}],"wp:attachment":[{"href":"https:\/\/sindaopcpb.org.br\/index.php\/wp-json\/wp\/v2\/media?parent=49335"}],"wp:term":[{"taxonomy":"category","embeddable":true,"href":"https:\/\/sindaopcpb.org.br\/index.php\/wp-json\/wp\/v2\/categories?post=49335"},{"taxonomy":"post_tag","embeddable":true,"href":"https:\/\/sindaopcpb.org.br\/index.php\/wp-json\/wp\/v2\/tags?post=49335"}],"curies":[{"name":"wp","href":"https:\/\/api.w.org\/{rel}","templated":true}]}}