{"id":49332,"date":"2024-07-25T12:12:38","date_gmt":"2024-07-25T15:12:38","guid":{"rendered":"https:\/\/www.pbagora.com.br\/?p=846629"},"modified":"2024-07-25T12:12:38","modified_gmt":"2024-07-25T15:12:38","slug":"lider-de-faccao-criminosa-e-preso-durante-operacao-das-policias-civil-da-paraiba-e-pernambuco","status":"publish","type":"post","link":"https:\/\/sindaopcpb.org.br\/index.php\/2024\/07\/25\/lider-de-faccao-criminosa-e-preso-durante-operacao-das-policias-civil-da-paraiba-e-pernambuco\/","title":{"rendered":"L\u00edder de fac\u00e7\u00e3o criminosa \u00e9 preso durante opera\u00e7\u00e3o das Pol\u00edcias Civil da Para\u00edba e Pernambuco"},"content":{"rendered":"<p><img width=\"683\" height=\"386\" src=\"https:\/\/pbagora.s3.amazonaws.com\/2023\/04\/27073301\/csm_Policia-Civil-PB-1-683x386-1_f8a3fdc277.jpg\" class=\"attachment-large size-large wp-post-image\" alt=\"\" style=\"margin-bottom: 20px;\" decoding=\"async\" loading=\"lazy\" srcset=\"https:\/\/pbagora.s3.amazonaws.com\/2023\/04\/27073301\/csm_Policia-Civil-PB-1-683x386-1_f8a3fdc277.jpg 683w, https:\/\/pbagora.s3.amazonaws.com\/2023\/04\/27073301\/csm_Policia-Civil-PB-1-683x386-1_f8a3fdc277-300x170.jpg 300w, https:\/\/pbagora.s3.amazonaws.com\/2023\/04\/27073301\/csm_Policia-Civil-PB-1-683x386-1_f8a3fdc277-150x85.jpg 150w, https:\/\/pbagora.s3.amazonaws.com\/2023\/04\/27073301\/csm_Policia-Civil-PB-1-683x386-1_f8a3fdc277-380x215.jpg 380w, https:\/\/pbagora.s3.amazonaws.com\/2023\/04\/27073301\/csm_Policia-Civil-PB-1-683x386-1_f8a3fdc277-80x46.jpg 80w, https:\/\/pbagora.s3.amazonaws.com\/2023\/04\/27073301\/csm_Policia-Civil-PB-1-683x386-1_f8a3fdc277-600x339.jpg 600w\" sizes=\"(max-width: 683px) 100vw, 683px\" \/><\/p><p>Na manh\u00e3 desta quinta-feira (25), o l\u00edder de uma fac\u00e7\u00e3o criminosa foi preso durante uma opera\u00e7\u00e3o conjunta das Pol\u00edcias Civil da Para\u00edba e de Pernambuco. Al\u00e9m da captura do l\u00edder, outros oito mandados de pris\u00e3o foram cumpridos nas cidades de Jo\u00e3o Pessoa, Bayeux e Santa Rita.<\/p>\n<p>De acordo com informa\u00e7\u00f5es da Pol\u00edcia Civil, o homem investigado estava foragido e foi capturado em Olinda. Ele ser\u00e1 transferido para Jo\u00e3o Pessoa ainda hoje (25), onde responder\u00e1 ao processo. A pol\u00edcia informou que os presos s\u00e3o considerados os principais articuladores e lideran\u00e7as da organiza\u00e7\u00e3o criminosa em Jo\u00e3o Pessoa, Bayeux e Santa Rita.<\/p>\n<p>A opera\u00e7\u00e3o \u00e9 resultado de um trabalho investigativo da Pol\u00edcia Civil, que visa identificar outros criminosos e detalhar a atua\u00e7\u00e3o da fac\u00e7\u00e3o. As investiga\u00e7\u00f5es continuar\u00e3o para desmantelar completamente a organiza\u00e7\u00e3o.<\/p>\n<p><strong>PB Agora<\/strong><\/p>\n","protected":false},"excerpt":{"rendered":"<p><img decoding=\"async\" width=\"683\" height=\"386\" src=\"https:\/\/pbagora.s3.amazonaws.com\/2023\/04\/27073301\/csm_Policia-Civil-PB-1-683x386-1_f8a3fdc277.jpg\" class=\"attachment-large size-large wp-post-image\" alt=\"\" loading=\"lazy\"><\/p>\n<p>Na manh\u00e3 desta quinta-feira (25), o l\u00edder de uma fac\u00e7\u00e3o criminosa foi preso durante uma opera\u00e7\u00e3o conjunta das\u2026<\/p>\n","protected":false},"author":123457,"featured_media":0,"comment_status":"closed","ping_status":"closed","sticky":false,"template":"","format":"standard","meta":{"advgb_blocks_editor_width":"","advgb_blocks_columns_visual_guide":"","footnotes":""},"categories":[34],"tags":[10845,35,10839],"class_list":["post-49332","post","type-post","status-publish","format-standard","hentry","category-g1","tag-destaque-centro-01","tag-g1","tag-policial"],"author_meta":{"display_name":"Reda\u00e7\u00e3o","author_link":"https:\/\/sindaopcpb.org.br\/author\/redacao\/"},"featured_img":null,"coauthors":[],"tax_additional":{"categories":{"linked":["<a href=\"https:\/\/sindaopcpb.org.br\/g1\/\" class=\"advgb-post-tax-term\">G1<\/a>"],"unlinked":["<span class=\"advgb-post-tax-term\">G1<\/span>"]},"tags":{"linked":["<a href=\"https:\/\/sindaopcpb.org.br\/g1\/\" class=\"advgb-post-tax-term\">Destaque Centro 01<\/a>","<a href=\"https:\/\/sindaopcpb.org.br\/g1\/\" class=\"advgb-post-tax-term\">g1<\/a>","<a href=\"https:\/\/sindaopcpb.org.br\/g1\/\" class=\"advgb-post-tax-term\">Policial<\/a>"],"unlinked":["<span class=\"advgb-post-tax-term\">Destaque Centro 01<\/span>","<span class=\"advgb-post-tax-term\">g1<\/span>","<span class=\"advgb-post-tax-term\">Policial<\/span>"]}},"comment_count":"0","relative_dates":{"created":"Publicado 2 anos atr\u00e1s","modified":"Atualizado 2 anos atr\u00e1s"},"absolute_dates":{"created":"Publicado em 25 de julho de 2024","modified":"Atualizado em 25 de julho de 2024"},"absolute_dates_time":{"created":"Publicado em 25 de julho de 2024 12:12","modified":"Atualizado em 25 de julho de 2024 12:12"},"featured_img_caption":"","series_order":"","_links":{"self":[{"href":"https:\/\/sindaopcpb.org.br\/index.php\/wp-json\/wp\/v2\/posts\/49332","targetHints":{"allow":["GET"]}}],"collection":[{"href":"https:\/\/sindaopcpb.org.br\/index.php\/wp-json\/wp\/v2\/posts"}],"about":[{"href":"https:\/\/sindaopcpb.org.br\/index.php\/wp-json\/wp\/v2\/types\/post"}],"author":[{"embeddable":true,"href":"https:\/\/sindaopcpb.org.br\/index.php\/wp-json\/wp\/v2\/users\/123457"}],"replies":[{"embeddable":true,"href":"https:\/\/sindaopcpb.org.br\/index.php\/wp-json\/wp\/v2\/comments?post=49332"}],"version-history":[{"count":1,"href":"https:\/\/sindaopcpb.org.br\/index.php\/wp-json\/wp\/v2\/posts\/49332\/revisions"}],"predecessor-version":[{"id":49333,"href":"https:\/\/sindaopcpb.org.br\/index.php\/wp-json\/wp\/v2\/posts\/49332\/revisions\/49333"}],"wp:attachment":[{"href":"https:\/\/sindaopcpb.org.br\/index.php\/wp-json\/wp\/v2\/media?parent=49332"}],"wp:term":[{"taxonomy":"category","embeddable":true,"href":"https:\/\/sindaopcpb.org.br\/index.php\/wp-json\/wp\/v2\/categories?post=49332"},{"taxonomy":"post_tag","embeddable":true,"href":"https:\/\/sindaopcpb.org.br\/index.php\/wp-json\/wp\/v2\/tags?post=49332"}],"curies":[{"name":"wp","href":"https:\/\/api.w.org\/{rel}","templated":true}]}}